{"id":1513,"date":"2014-05-12T12:09:43","date_gmt":"2014-05-12T11:09:43","guid":{"rendered":"http:\/\/www.worldpolicyconference.com\/paul-hermelin\/"},"modified":"2018-06-13T10:35:10","modified_gmt":"2018-06-13T09:35:10","slug":"paul-hermelin","status":"publish","type":"post","link":"https:\/\/www.worldpolicyconference.com\/fr\/paul-hermelin\/","title":{"rendered":"Paul Hermelin"},"content":{"rendered":"<p><\/p>\n<p style=\"text-align: justify;\">Pr\u00e9sident-directeur g\u00e9n\u00e9ral de Capgemini depuis mai 2012, groupe qu\u2019il a rejoint d\u00e8s 1993 et au sein duquel il occupe diff\u00e9rentes fonctions dont celle directeur g\u00e9n\u00e9ral \u00e0 partir de janvier 2002. Il a \u00e9t\u00e9 membre du cabinet du ministre de l\u2019\u00c9conomie fran\u00e7ais Jacques Delors (1981-1984), ainsi que directeur de cabinet du ministre de l\u2019Industrie et du Commerce ext\u00e9rieur, Dominique Strauss-Kahn (1991-1993). Paul Hermelin est dipl\u00f4m\u00e9 de l\u2019\u00c9cole Polytechnique et de l\u2019\u00c9cole nationale d\u2019administration (ENA).<\/p>\n<p><\/p>","protected":false},"excerpt":{"rendered":"<p>Pr\u00e9sident-directeur g\u00e9n\u00e9ral de Capgemini depuis mai 2012, groupe qu\u2019il a rejoint d\u00e8s 1993 et au sein duquel il occupe diff\u00e9rentes fonctions dont celle directeur g\u00e9n\u00e9ral \u00e0 partir de janvier 2002.<\/p>\n","protected":false},"author":1,"featured_media":9953,"comment_status":"closed","ping_status":"open","sticky":false,"template":"","format":"standard","meta":{"footnotes":""},"categories":[8],"tags":[10],"class_list":["post-1513","post","type-post","status-publish","format-standard","has-post-thumbnail","hentry","category-invited-guests","tag-10"],"_links":{"self":[{"href":"https:\/\/www.worldpolicyconference.com\/fr\/wp-json\/wp\/v2\/posts\/1513","targetHints":{"allow":["GET"]}}],"collection":[{"href":"https:\/\/www.worldpolicyconference.com\/fr\/wp-json\/wp\/v2\/posts"}],"about":[{"href":"https:\/\/www.worldpolicyconference.com\/fr\/wp-json\/wp\/v2\/types\/post"}],"author":[{"embeddable":true,"href":"https:\/\/www.worldpolicyconference.com\/fr\/wp-json\/wp\/v2\/users\/1"}],"replies":[{"embeddable":true,"href":"https:\/\/www.worldpolicyconference.com\/fr\/wp-json\/wp\/v2\/comments?post=1513"}],"version-history":[{"count":0,"href":"https:\/\/www.worldpolicyconference.com\/fr\/wp-json\/wp\/v2\/posts\/1513\/revisions"}],"wp:featuredmedia":[{"embeddable":true,"href":"https:\/\/www.worldpolicyconference.com\/fr\/wp-json\/wp\/v2\/media\/9953"}],"wp:attachment":[{"href":"https:\/\/www.worldpolicyconference.com\/fr\/wp-json\/wp\/v2\/media?parent=1513"}],"wp:term":[{"taxonomy":"category","embeddable":true,"href":"https:\/\/www.worldpolicyconference.com\/fr\/wp-json\/wp\/v2\/categories?post=1513"},{"taxonomy":"post_tag","embeddable":true,"href":"https:\/\/www.worldpolicyconference.com\/fr\/wp-json\/wp\/v2\/tags?post=1513"}],"curies":[{"name":"wp","href":"https:\/\/api.w.org\/{rel}","templated":true}]}}