{"id":15134,"date":"2022-03-23T11:37:46","date_gmt":"2022-03-23T10:37:46","guid":{"rendered":"https:\/\/www.worldpolicyconference.com\/?p=15134"},"modified":"2022-03-23T11:37:46","modified_gmt":"2022-03-23T10:37:46","slug":"sarah-al-amiri-une-fusee-dans-le-ciel-des-emirats-arabes-unis","status":"publish","type":"post","link":"https:\/\/www.worldpolicyconference.com\/fr\/sarah-al-amiri-une-fusee-dans-le-ciel-des-emirats-arabes-unis\/","title":{"rendered":"Sarah Al-Amiri, une \u00ab fus\u00e9e \u00bb dans le ciel des Emirats arabes unis"},"content":{"rendered":"<p><\/p>\n<div class=\"article__heading\">\n<p class=\"article__desc\">A 35\u00a0ans, \u00e0 la fois ministre des technologies avanc\u00e9es et pr\u00e9sidente de l\u2019agence spatiale \u00e9miratie, la jeune femme a contribu\u00e9 au succ\u00e8s de la mise en orbite autour de Mars d\u2019une sonde qui doit en \u00e9tudier le climat.<\/p>\n<\/div>\n<p id=\"js-authors-trigger\" class=\"meta meta__publisher meta__publisher--header\"><span id=\"js-authors-list\" class=\"meta__author meta__author--header\">Par\u00a0Pierre Barth\u00e9l\u00e9my<\/span><\/p>\n<section class=\"meta__date-reading\"><span class=\"meta__date meta__date--header\">Publi\u00e9 le 12 mars 2022<\/span><\/section>\n<section><\/section>\n<section>\n<section id=\"habillagepub\" class=\"article article--single article--content\">\n<section class=\"zone zone--article  zone--article-premium  old__zone\">\n<section class=\"article__wrapper article__content--restricted-media  article__wrapper--premium\">\n<article class=\"article__content  old__article-content-single\">\n<figure class=\"article__media\"><img fetchpriority=\"high\" decoding=\"async\" class=\"initial loaded\" src=\"https:\/\/img.lemde.fr\/2022\/03\/08\/0\/0\/3500\/2334\/664\/0\/75\/0\/963582d_1646737366600-463840.jpg\" sizes=\"(min-width: 768px) 664px, 100vw\" srcset=\"https:\/\/img.lemde.fr\/2022\/03\/08\/0\/0\/3500\/2334\/1328\/0\/45\/0\/963582d_1646737366600-463840.jpg 1328w, https:\/\/img.lemde.fr\/2022\/03\/08\/0\/0\/3500\/2334\/664\/0\/75\/0\/963582d_1646737366600-463840.jpg 664w\" alt=\"Sarah Al-Amiri, ministre des technologies avanc\u00e9es et pr\u00e9sidente de l\u2019Agence spatiale des Emirats arabes unis, \u00e0 Duba\u00ef, le 23 f\u00e9vrier 2022.\" width=\"664\" height=\"443\" data-was-processed=\"true\" \/><figcaption class=\"article__legend\" aria-hidden=\"true\">Sarah Al-Amiri, ministre des technologies avanc\u00e9es et pr\u00e9sidente de l\u2019Agence spatiale des Emirats arabes unis, \u00e0 Duba\u00ef, le 23 f\u00e9vrier 2022.\u00a0<span class=\"article__credit\" aria-hidden=\"true\">CHRISTOPHER PIKE \/ REUTERS<\/span><\/figcaption><\/figure>\n<p class=\"article__paragraph \">A ce jour, aucune femme n\u2019a dirig\u00e9 la NASA. Ou l\u2019Agence spatiale europ\u00e9enne (ESA). Ou le Centre national d\u2019\u00e9tudes spatiales (CNES) en France. Ou Roscosmos en Russie. A croiser depuis plus de deux d\u00e9cennies les patrons de ces agences, on a dessin\u00e9 le portrait-robot d\u2019un homme en costume-cravate, parfois quadrag\u00e9naire mais le plus souvent quinqua ou sexag\u00e9naire, et pour ainsi dire toujours blanc (\u00e0 l\u2019exception notable de Charles Bolden, seul Afro-Am\u00e9ricain \u00e0 avoir occup\u00e9 le poste d\u2019administrateur de la NASA, sous les mandats de Barack Obama). Alors, quand l\u2019occasion est donn\u00e9e de rencontrer Sarah Al-Amiri, 35\u00a0ans, \u00e0 la fois pr\u00e9sidente de la toute jeune Agence spatiale des Emirats arabes unis et ministre des technologies avanc\u00e9es, on ne la rate pas, on veut savoir qui est cette jeune femme qui d\u00e9tonne dans le monde de l\u2019espace.<\/p>\n<p class=\"article__paragraph \">Oubli\u00e9s, \u00e9videmment, le costume et la cravate. Sans garde du corps, la ministre arrive au rendez-vous portant hidjab noir et abaya assortie \u2013 la longue tunique des Emiraties \u2013, un grand sourire barrant son visage. Peut-\u00eatre parce que la mise en avant personnelle n\u2019est pas vraiment encourag\u00e9e dans une f\u00e9d\u00e9ration d\u2019\u00e9mirats o\u00f9 les cheikhs sont glorifi\u00e9s, cette native d\u2019Abou Dhabi reste discr\u00e8te, voire modeste, au sujet de son parcours. Dans son anglais parfait teint\u00e9 d\u2019accent am\u00e9ricain, elle ne r\u00e9pugne cependant pas \u00e0 parler du d\u00e9but, de son enfance. Famille o\u00f9 le p\u00e8re est homme d\u2019affaires et la m\u00e8re enseignante, \u00e9cole internationale qui l\u2019ouvre \u00e0 d\u2019autres cultures.\u00a0<em>\u00ab\u00a0J\u2019ai grandi en parlant de politique, de changements \u00e9conomiques, des d\u00e9veloppements du monde. Je pense que, petite, j\u2019ai plus regard\u00e9 les informations que les dessins anim\u00e9s,\u00a0<\/em>se rem\u00e9more-t-elle en pouffant presque.\u00a0<em>J\u2019ai compris que nous avions tous un r\u00f4le dans la soci\u00e9t\u00e9. Pas seulement dans notre quartier, dans notre ville ou notre pays, mais en tant que citoyens du monde.\u00a0\u00bb<\/em><\/p>\n<p class=\"article__paragraph \">Son r\u00f4le, dans un pays qui se modernise \u00e0 un rythme effr\u00e9n\u00e9 permis par les p\u00e9trodollars, Sarah Al-Amiri le voit d\u2019abord dans l\u2019informatique\u00a0:\u00a0<em>\u00ab\u00a0J\u2019ai toujours aim\u00e9 les maths et les chiffres,\u00a0<\/em>dit-elle.\u00a0<em>J\u2019ai commenc\u00e9 \u00e0 programmer vers 11 ou 12\u00a0ans. M\u00eame si c\u2019\u00e9taient alors des programmes tr\u00e8s simples, j\u2019ai vite su que je voulais devenir ing\u00e9nieure en informatique.\u00a0\u00bb\u00a0<\/em>S\u2019ensuit donc un dipl\u00f4me \u00e0 l\u2019Universit\u00e9 am\u00e9ricaine de l\u2019\u00e9mirat de Chardja. Peu apr\u00e8s son obtention, elle atterrit rapidement<strong>\u00a0<\/strong>dans le secteur de l\u2019espace, qui l\u2019a toujours fascin\u00e9e.<strong>\u00a0<\/strong>On est en\u00a02009, elle a 22\u00a0ans. Les Emirats arabes unis (EAU) n\u2019ont pas encore d\u2019agence spatiale (elle na\u00eetra officiellement en\u00a02014). Eux, qui exploitent d\u00e9j\u00e0 quelques satellites mais n\u2019en ont jamais con\u00e7u, s\u2019appr\u00eatent \u00e0 lancer leur premier engin d\u2019observation de la Terre, DubaiSat-1.\u00a0<em>\u00ab\u00a0Les gens qui travaillaient avec moi avaient 26\u00a0ans ou moins. Presque tous avaient \u00e9t\u00e9 engag\u00e9s \u00e0 la fin de leurs \u00e9tudes.\u00a0\u00bb<\/em><\/p>\n<\/article>\n<\/section>\n<aside class=\"aside__article  old__aside\">\n<section class=\"friend\">\n<div id=\"outbrain_widget_0\" class=\"OUTBRAIN js-friend-aside\" data-src=\"https:\/\/www.lemonde.fr\/sciences\/article\/2022\/03\/12\/sarah-al-amiri-une-fusee-dans-le-ciel-des-emirats-arabes-unis_6117273_1650684.html\" data-widget-id=\"SB_5\" data-ob-mark=\"true\" data-browser=\"chrome\" data-os=\"win32\" data-dynload=\"\" data-idx=\"0\">\n<div class=\"ob-widget ob-ultra-strip-layout SB_5\" data-dynamic-truncate=\"true\">\n<div class=\"ob-pixels\">Lire l&rsquo;article complet sur le site du <a href=\"https:\/\/www.lemonde.fr\/sciences\/article\/2022\/03\/12\/sarah-al-amiri-une-fusee-dans-le-ciel-des-emirats-arabes-unis_6117273_1650684.html\">Monde<\/a>.<\/div>\n<\/div>\n<\/div>\n<\/section>\n<\/aside>\n<\/section>\n<\/section>\n<section class=\"paywall\">\n<section class=\"paywall__container \">\n<section id=\"js-paywall-content\" class=\"paywall__content \">\n<header class=\"paywall__header\"><\/header>\n<\/section>\n<\/section>\n<\/section>\n<\/section>\n<p><\/p>","protected":false},"excerpt":{"rendered":"<p>A 35\u00a0ans, \u00e0 la fois ministre des technologies avanc\u00e9es et pr\u00e9sidente de l\u2019agence spatiale \u00e9miratie, la jeune femme a contribu\u00e9 au succ\u00e8s de la mise en orbite autour de Mars<\/p>\n","protected":false},"author":3,"featured_media":15138,"comment_status":"closed","ping_status":"closed","sticky":false,"template":"","format":"standard","meta":{"footnotes":""},"categories":[23],"tags":[153],"class_list":["post-15134","post","type-post","status-publish","format-standard","has-post-thumbnail","hentry","category-news-room","tag-153"],"_links":{"self":[{"href":"https:\/\/www.worldpolicyconference.com\/fr\/wp-json\/wp\/v2\/posts\/15134","targetHints":{"allow":["GET"]}}],"collection":[{"href":"https:\/\/www.worldpolicyconference.com\/fr\/wp-json\/wp\/v2\/posts"}],"about":[{"href":"https:\/\/www.worldpolicyconference.com\/fr\/wp-json\/wp\/v2\/types\/post"}],"author":[{"embeddable":true,"href":"https:\/\/www.worldpolicyconference.com\/fr\/wp-json\/wp\/v2\/users\/3"}],"replies":[{"embeddable":true,"href":"https:\/\/www.worldpolicyconference.com\/fr\/wp-json\/wp\/v2\/comments?post=15134"}],"version-history":[{"count":0,"href":"https:\/\/www.worldpolicyconference.com\/fr\/wp-json\/wp\/v2\/posts\/15134\/revisions"}],"wp:featuredmedia":[{"embeddable":true,"href":"https:\/\/www.worldpolicyconference.com\/fr\/wp-json\/wp\/v2\/media\/15138"}],"wp:attachment":[{"href":"https:\/\/www.worldpolicyconference.com\/fr\/wp-json\/wp\/v2\/media?parent=15134"}],"wp:term":[{"taxonomy":"category","embeddable":true,"href":"https:\/\/www.worldpolicyconference.com\/fr\/wp-json\/wp\/v2\/categories?post=15134"},{"taxonomy":"post_tag","embeddable":true,"href":"https:\/\/www.worldpolicyconference.com\/fr\/wp-json\/wp\/v2\/tags?post=15134"}],"curies":[{"name":"wp","href":"https:\/\/api.w.org\/{rel}","templated":true}]}}