{"id":15140,"date":"2022-03-23T11:44:42","date_gmt":"2022-03-23T10:44:42","guid":{"rendered":"https:\/\/www.worldpolicyconference.com\/?p=15140"},"modified":"2022-03-23T11:44:42","modified_gmt":"2022-03-23T10:44:42","slug":"comment-bien-financer-la-transition-climatique","status":"publish","type":"post","link":"https:\/\/www.worldpolicyconference.com\/fr\/comment-bien-financer-la-transition-climatique\/","title":{"rendered":"Comment (bien) financer la transition climatique"},"content":{"rendered":"<p>Le secteur financier a un r\u00f4le crucial \u00e0 jouer dans la transition \u00e9nerg\u00e9tique car il peut la conduire sur une trajectoire optimale, expliquent Marie Bri\u00e8re et Andr\u00e9 L\u00e9vy-Lang. Mais il peut aussi avoir un effet d\u00e9stabilisateur si l&rsquo;impact des risques climatiques sur les entreprises et l&rsquo;\u00e9conomie en g\u00e9n\u00e9ral est mal \u00e9valu\u00e9.<\/p>\n<div class=\"sc-1dyubqu-0 dGKHVu\">\n<figure class=\"sc-14kwckt-21 sc-12l15dn-1 NStZo cUPdlK\">\n<div class=\"sc-5oblao-1 cuUFDM\">\n<div class=\"sc-aamjrj-0 sc-rizxew-0 ftWdmO eoTZzi sc-of6wlx-0 hpogte\"><picture class=\"sc-1qf2dxr-0 kaYLgZ sc-d0u0l9-0 bJnync\"><img decoding=\"async\" class=\"sc-14kwckt-20 jEBahl\" src=\"https:\/\/media.lesechos.com\/api\/v1\/images\/view\/6239662a151faa363f6369e6\/1280x720\/0701184760222-web-tete.jpg\" alt=\"Un parc photovoltaique en France.\" \/><\/picture><\/div>\n<\/div><figcaption class=\"sc-12l15dn-0 jPdQRW\">Un parc photovoltaique en France. (iStock)<\/figcaption><\/figure>\n<\/div>\n<div class=\"sc-aamjrj-0 egkYCq\">\n<div class=\"sc-aamjrj-0 sc-xiy60q-0 ekoCiM\">\n<p class=\"sc-1mpwnru-0 eeZFQT\">Par\u00a0Andr\u00e9 Levy-Lang<\/p>\n<\/div>\n<\/div>\n<p>Publi\u00e9 le 22 mars 2022<\/p>\n<div><\/div>\n<p>Les entreprises financi\u00e8res, banques, assurances et g\u00e9rants d&rsquo;actifs, jouent un r\u00f4le central dans l&rsquo;\u00e9conomie et devront contribuer \u00e0 la lutte contre le r\u00e9chauffement climatique. Pour le moment, la principale prescription des m\u00e9dias semble \u00eatre n\u00e9gative\u00a0: freiner le financement des producteurs d&rsquo;\u00e9nergies fossiles, charbon et hydrocarbures. Restreindre ces financements para\u00eet plus urgent que des mesures utilisant les m\u00e9canismes de march\u00e9.<\/p>\n<div><\/div>\n<p>Lire l&rsquo;article complet sur le site des <a href=\"https:\/\/www.lesechos.fr\/idees-debats\/cercle\/opinion-comment-bien-financer-la-transition-climatique-1395214\">Echos<\/a>.<\/p>\n","protected":false},"excerpt":{"rendered":"<p>Le secteur financier a un r\u00f4le crucial \u00e0 jouer dans la transition \u00e9nerg\u00e9tique car il peut la conduire sur une trajectoire optimale, expliquent Marie Bri\u00e8re et Andr\u00e9 L\u00e9vy-Lang. Mais il<\/p>\n","protected":false},"author":3,"featured_media":15136,"comment_status":"closed","ping_status":"closed","sticky":false,"template":"","format":"standard","meta":{"footnotes":""},"categories":[23],"tags":[153],"class_list":["post-15140","post","type-post","status-publish","format-standard","has-post-thumbnail","hentry","category-news-room","tag-153"],"_links":{"self":[{"href":"https:\/\/www.worldpolicyconference.com\/fr\/wp-json\/wp\/v2\/posts\/15140","targetHints":{"allow":["GET"]}}],"collection":[{"href":"https:\/\/www.worldpolicyconference.com\/fr\/wp-json\/wp\/v2\/posts"}],"about":[{"href":"https:\/\/www.worldpolicyconference.com\/fr\/wp-json\/wp\/v2\/types\/post"}],"author":[{"embeddable":true,"href":"https:\/\/www.worldpolicyconference.com\/fr\/wp-json\/wp\/v2\/users\/3"}],"replies":[{"embeddable":true,"href":"https:\/\/www.worldpolicyconference.com\/fr\/wp-json\/wp\/v2\/comments?post=15140"}],"version-history":[{"count":0,"href":"https:\/\/www.worldpolicyconference.com\/fr\/wp-json\/wp\/v2\/posts\/15140\/revisions"}],"wp:featuredmedia":[{"embeddable":true,"href":"https:\/\/www.worldpolicyconference.com\/fr\/wp-json\/wp\/v2\/media\/15136"}],"wp:attachment":[{"href":"https:\/\/www.worldpolicyconference.com\/fr\/wp-json\/wp\/v2\/media?parent=15140"}],"wp:term":[{"taxonomy":"category","embeddable":true,"href":"https:\/\/www.worldpolicyconference.com\/fr\/wp-json\/wp\/v2\/categories?post=15140"},{"taxonomy":"post_tag","embeddable":true,"href":"https:\/\/www.worldpolicyconference.com\/fr\/wp-json\/wp\/v2\/tags?post=15140"}],"curies":[{"name":"wp","href":"https:\/\/api.w.org\/{rel}","templated":true}]}}