{"id":15141,"date":"2022-03-23T11:48:10","date_gmt":"2022-03-23T10:48:10","guid":{"rendered":"https:\/\/www.worldpolicyconference.com\/?p=15141"},"modified":"2022-03-23T11:48:10","modified_gmt":"2022-03-23T10:48:10","slug":"interview-du-premier-ministre-ivoirien-patrick-achi","status":"publish","type":"post","link":"https:\/\/www.worldpolicyconference.com\/fr\/interview-du-premier-ministre-ivoirien-patrick-achi\/","title":{"rendered":"Interview du Premier ministre ivoirien Patrick Achi"},"content":{"rendered":"<p>De passage aux \u00c9tats-Unis, le Premier ministre ivoirien Patrick Achi a accord\u00e9 une interview \u00e0 Abdourahmane Dia de la VOA.<\/p>\n<p><a href=\"https:\/\/www.worldpolicyconference.com\/wp-content\/uploads\/2022\/03\/Capture-5.png\"><img fetchpriority=\"high\" decoding=\"async\" class=\"alignnone size-full wp-image-15142\" src=\"https:\/\/www.worldpolicyconference.com\/wp-content\/uploads\/2022\/03\/Capture-5.png\" alt=\"\" width=\"1017\" height=\"576\" srcset=\"https:\/\/www.worldpolicyconference.com\/wp-content\/uploads\/2022\/03\/Capture-5.png 1017w, https:\/\/www.worldpolicyconference.com\/wp-content\/uploads\/2022\/03\/Capture-5-300x170.png 300w, https:\/\/www.worldpolicyconference.com\/wp-content\/uploads\/2022\/03\/Capture-5-768x435.png 768w\" sizes=\"(max-width: 706px) 89vw, (max-width: 767px) 82vw, 740px\" \/><\/a><\/p>\n<p>Regarder l&rsquo;interview sur le site de <a href=\"https:\/\/www.voaafrique.com\/a\/6491452.html\">VOA Afrique<\/a>.<\/p>\n","protected":false},"excerpt":{"rendered":"<p>De passage aux \u00c9tats-Unis, le Premier ministre ivoirien Patrick Achi a accord\u00e9 une interview \u00e0 Abdourahmane Dia de la VOA. Regarder l&rsquo;interview sur le site de VOA Afrique.<\/p>\n","protected":false},"author":3,"featured_media":15108,"comment_status":"closed","ping_status":"closed","sticky":false,"template":"","format":"standard","meta":{"footnotes":""},"categories":[23],"tags":[153],"class_list":["post-15141","post","type-post","status-publish","format-standard","has-post-thumbnail","hentry","category-news-room","tag-153"],"_links":{"self":[{"href":"https:\/\/www.worldpolicyconference.com\/fr\/wp-json\/wp\/v2\/posts\/15141","targetHints":{"allow":["GET"]}}],"collection":[{"href":"https:\/\/www.worldpolicyconference.com\/fr\/wp-json\/wp\/v2\/posts"}],"about":[{"href":"https:\/\/www.worldpolicyconference.com\/fr\/wp-json\/wp\/v2\/types\/post"}],"author":[{"embeddable":true,"href":"https:\/\/www.worldpolicyconference.com\/fr\/wp-json\/wp\/v2\/users\/3"}],"replies":[{"embeddable":true,"href":"https:\/\/www.worldpolicyconference.com\/fr\/wp-json\/wp\/v2\/comments?post=15141"}],"version-history":[{"count":0,"href":"https:\/\/www.worldpolicyconference.com\/fr\/wp-json\/wp\/v2\/posts\/15141\/revisions"}],"wp:featuredmedia":[{"embeddable":true,"href":"https:\/\/www.worldpolicyconference.com\/fr\/wp-json\/wp\/v2\/media\/15108"}],"wp:attachment":[{"href":"https:\/\/www.worldpolicyconference.com\/fr\/wp-json\/wp\/v2\/media?parent=15141"}],"wp:term":[{"taxonomy":"category","embeddable":true,"href":"https:\/\/www.worldpolicyconference.com\/fr\/wp-json\/wp\/v2\/categories?post=15141"},{"taxonomy":"post_tag","embeddable":true,"href":"https:\/\/www.worldpolicyconference.com\/fr\/wp-json\/wp\/v2\/tags?post=15141"}],"curies":[{"name":"wp","href":"https:\/\/api.w.org\/{rel}","templated":true}]}}