{"id":1519,"date":"2014-05-12T12:11:31","date_gmt":"2014-05-12T11:11:31","guid":{"rendered":"http:\/\/www.worldpolicyconference.com\/michel-robitaille\/"},"modified":"2018-05-04T10:46:12","modified_gmt":"2018-05-04T09:46:12","slug":"michel-robitaille","status":"publish","type":"post","link":"https:\/\/www.worldpolicyconference.com\/fr\/michel-robitaille\/","title":{"rendered":"Michel Robitaille"},"content":{"rendered":"<p><\/p>\n<p style=\"text-align: justify;\">D\u00e9l\u00e9gu\u00e9 g\u00e9n\u00e9ral du Qu\u00e9bec \u00e0 Paris depuis 2010. Il est \u00e9galement le repr\u00e9sentant personnel de la Premi\u00e8re ministre aupr\u00e8s de l\u2019Organisation internationale de la Francophonie. Avant d\u2019occuper ce poste dans la capitale fran\u00e7aise, il a \u00e9t\u00e9 nomm\u00e9, en 2008, premier pr\u00e9sident-directeur g\u00e9n\u00e9ral du Centre de la francophonie des Am\u00e9riques par le gouvernement du Qu\u00e9bec. Il a \u00e9galement \u00e9t\u00e9 d\u00e9l\u00e9gu\u00e9 g\u00e9n\u00e9ral du Qu\u00e9bec \u00e0 New York (2002-2007). Il a exerc\u00e9 plusieurs fonctions dans le r\u00e9seau des repr\u00e9sentations du Qu\u00e9bec \u00e0 l\u2019\u00e9tranger notamment \u00e0 Bruxelles en tant que directeur des Affaires publiques, de la Coop\u00e9ration et de la Culture.<\/p>\n<p><\/p>","protected":false},"excerpt":{"rendered":"<p>D\u00e9l\u00e9gu\u00e9 g\u00e9n\u00e9ral du Qu\u00e9bec \u00e0 Paris depuis 2010. Il est \u00e9galement le repr\u00e9sentant personnel de la Premi\u00e8re ministre aupr\u00e8s de l\u2019Organisation internationale de la Francophonie. Avant d\u2019occuper ce poste dans<\/p>\n","protected":false},"author":1,"featured_media":9618,"comment_status":"closed","ping_status":"open","sticky":false,"template":"","format":"standard","meta":{"footnotes":""},"categories":[8],"tags":[10],"class_list":["post-1519","post","type-post","status-publish","format-standard","has-post-thumbnail","hentry","category-invited-guests","tag-10"],"_links":{"self":[{"href":"https:\/\/www.worldpolicyconference.com\/fr\/wp-json\/wp\/v2\/posts\/1519","targetHints":{"allow":["GET"]}}],"collection":[{"href":"https:\/\/www.worldpolicyconference.com\/fr\/wp-json\/wp\/v2\/posts"}],"about":[{"href":"https:\/\/www.worldpolicyconference.com\/fr\/wp-json\/wp\/v2\/types\/post"}],"author":[{"embeddable":true,"href":"https:\/\/www.worldpolicyconference.com\/fr\/wp-json\/wp\/v2\/users\/1"}],"replies":[{"embeddable":true,"href":"https:\/\/www.worldpolicyconference.com\/fr\/wp-json\/wp\/v2\/comments?post=1519"}],"version-history":[{"count":0,"href":"https:\/\/www.worldpolicyconference.com\/fr\/wp-json\/wp\/v2\/posts\/1519\/revisions"}],"wp:featuredmedia":[{"embeddable":true,"href":"https:\/\/www.worldpolicyconference.com\/fr\/wp-json\/wp\/v2\/media\/9618"}],"wp:attachment":[{"href":"https:\/\/www.worldpolicyconference.com\/fr\/wp-json\/wp\/v2\/media?parent=1519"}],"wp:term":[{"taxonomy":"category","embeddable":true,"href":"https:\/\/www.worldpolicyconference.com\/fr\/wp-json\/wp\/v2\/categories?post=1519"},{"taxonomy":"post_tag","embeddable":true,"href":"https:\/\/www.worldpolicyconference.com\/fr\/wp-json\/wp\/v2\/tags?post=1519"}],"curies":[{"name":"wp","href":"https:\/\/api.w.org\/{rel}","templated":true}]}}