{"id":15198,"date":"2022-04-06T13:26:57","date_gmt":"2022-04-06T12:26:57","guid":{"rendered":"https:\/\/www.worldpolicyconference.com\/?p=15198"},"modified":"2022-04-06T13:26:57","modified_gmt":"2022-04-06T12:26:57","slug":"guerre-en-ukraine-les-pays-baltes-veulent-obtenir-une-protection-accrue-de-lotan","status":"publish","type":"post","link":"https:\/\/www.worldpolicyconference.com\/fr\/guerre-en-ukraine-les-pays-baltes-veulent-obtenir-une-protection-accrue-de-lotan\/","title":{"rendered":"Guerre en Ukraine : les pays Baltes veulent obtenir une protection accrue de l&rsquo;Otan"},"content":{"rendered":"<p>Avant le sommet de l&rsquo;Otan \u00e0 Madrid en juin prochain, les dirigeants des pays Baltes continuent d&rsquo;alerter sur la n\u00e9cessit\u00e9 de renforcer la protection de leurs pays apr\u00e8s l&rsquo;invasion de l&rsquo;Ukraine.<\/p>\n<div class=\"sc-1dyubqu-0 dGKHVu\">\n<figure class=\"sc-14kwckt-21 sc-12l15dn-1 NStZo cUPdlK\">\n<div class=\"sc-5oblao-1 cuUFDM\">\n<div class=\"sc-aamjrj-0 sc-rizxew-0 ftWdmO eoTZzi sc-of6wlx-0 hpogte\"><picture class=\"sc-1qf2dxr-0 kaYLgZ sc-d0u0l9-0 bJnync\"><img decoding=\"async\" class=\"sc-14kwckt-20 jEBahl\" src=\"https:\/\/media.lesechos.com\/api\/v1\/images\/view\/6243d5d147462b48f74bf228\/1280x720\/0701240287411-web-tete.jpg\" alt=\"Un soldat fran\u00e7ais lors d'un exercice de l'Otan \u00e0 la base militaire de Tapa, en Estonie, en f\u00e9vrier\u00a02022.\" \/><\/picture><\/div>\n<\/div><figcaption class=\"sc-12l15dn-0 jPdQRW\">Un soldat fran\u00e7ais lors d&rsquo;un exercice de l&rsquo;Otan \u00e0 la base militaire de Tapa, en Estonie, en f\u00e9vrier\u00a02022. (ALAIN JOCARD\/AFP)<\/figcaption><\/figure>\n<\/div>\n<div class=\"sc-aamjrj-0 egkYCq\">\n<div class=\"sc-aamjrj-0 sc-xiy60q-0 ekoCiM\">\n<div class=\"sc-1mpwnru-0 eeZFQT\">\n<p class=\"sc-14kwckt-6 sc-1ohdft1-0 hZbEGn iGA-djk\">Par\u00a0Virginie Robert,\u00a0Emmanuel Grasland<\/p>\n<div class=\"sc-aamjrj-0 sc-1i0ieo8-1 cCZiIu iXMxcQ\"><span class=\"sc-1i0ieo8-0 duGKTr\">Publi\u00e9 le 30 mars 2022<\/span><\/div>\n<\/div>\n<\/div>\n<\/div>\n<div><\/div>\n<div>\n<p class=\"sc-14kwckt-6 hZbEGn\">Pas assez \u00e9cout\u00e9s &#8211; malgr\u00e9 les annexions successives par la Russie de territoires en G\u00e9orgie, au Donbass et en Crim\u00e9e -, et se sentant\u00a0encore plus vuln\u00e9rables\u00a0depuis l&rsquo;invasion de l&rsquo;Ukraine, les pays Baltes n&rsquo;ont de cesse de r\u00e9clamer une protection plus importante des membres de l&rsquo;Alliance atlantique qu&rsquo;ils ont rejointe en 2004.<\/p>\n<p class=\"sc-14kwckt-6 hZbEGn\">\u00ab\u00a0Il faut que l&rsquo;Otan se pr\u00e9pare aux menaces futures\u00a0\u00bb et il n&rsquo;y a qu&rsquo;une r\u00e9ponse possible\u00a0: \u00ab\u00a0une dissuasion cr\u00e9dible, visible, et efficace\u00a0\u00bb,\u00a0plaide le pr\u00e9sident d&rsquo;Estonie\u00a0, Alar Karis, dans une tribune publi\u00e9e par le \u00ab\u00a0Financial Times\u00a0\u00bb mardi. Cela passe selon lui par une pr\u00e9sence permanente et renforc\u00e9e sur le flanc est de l&rsquo;Otan, qui succ\u00e9derait aux rotations actuelles et mettrait la Pologne et les pays Baltes \u00e0 \u00e9galit\u00e9 avec l&rsquo;Allemagne, l&rsquo;Italie ou le Royaume-Uni.<\/p>\n<p class=\"sc-14kwckt-6 hZbEGn\">Lors du Sommet de Varsovie en juillet\u00a02016, l&rsquo;Otan a \u00e9tabli une pr\u00e9sence avanc\u00e9e renforc\u00e9e (\u00ab\u00a0enhanced Forward Presence\u00a0\u00bb, eFP) dans les pays Baltes et en Pologne avec des bataillons multinationaux. La France vient d&rsquo;ajouter 150 soldats aux 300 pr\u00e9sents en Estonie, o\u00f9 les Britanniques sont la nation cadre. Mais ce dispositif est encore jug\u00e9 insuffisant.<\/p>\n<h3 class=\"sc-14kwckt-2 iybLuj sc-14kwckt-6 sc-12m61ps-0 lnDKCl\">A l&rsquo;avant-poste face aux Russes<\/h3>\n<p class=\"sc-14kwckt-6 hZbEGn\">Les pays Baltes r\u00e9clament une aide sur terre, sur mer et dans les airs pour avoir \u00ab\u00a0le muscle n\u00e9cessaire afin de bloquer Poutine\u00a0\u00bb qui cherche \u00ab\u00a0\u00e0 restaurer les fronti\u00e8res de l&rsquo;Otan de 1997 et cr\u00e9er un nouveau rideau de fer en Europe\u00a0\u00bb, assure Alar Karis. Du grain \u00e0 moudre pour les membres de l&rsquo;Alliance atlantique qui vont se retrouver en juin \u00e0 Madrid.<\/p>\n<p>\u00ab\u00a0Les pays Baltes se sentent \u00e0 l&rsquo;avant-poste de l&rsquo;Union europ\u00e9enne et de l&rsquo;Otan face \u00e0 la Russie. Par rapport \u00e0 la question ukrainienne, ils sont extr\u00eamement engag\u00e9s et ne cessent de dire qu&rsquo;il faut aller plus loin et qu&rsquo;on n&rsquo;en fait pas assez. En g\u00e9n\u00e9ral de concert avec la Pologne\u00a0\u00bb, explique C\u00e9line Bayou, enseignante \u00e0 l&rsquo;Institut national des langues et civilisations orientales et sp\u00e9cialiste de la r\u00e9gion.<\/p>\n<h3 class=\"sc-14kwckt-2 iybLuj sc-14kwckt-6 sc-12m61ps-0 lnDKCl\">Populations russophones<\/h3>\n<p class=\"sc-14kwckt-6 hZbEGn\">Imants Lie\u0123is, ancien ministre de la D\u00e9fense et ancien ambassadeur de Lettonie en France, raconte combien la situation a \u00e9t\u00e9 extr\u00eamement tendue en Lettonie apr\u00e8s l&rsquo;invasion de l&rsquo;Ukraine. \u00ab\u00a0Les gens \u00e9taient inquiets. J&rsquo;ai rassur\u00e9 ma femme en disant que nous faisions partie de l&rsquo;Otan. Elle m&rsquo;a r\u00e9pondu que ses parents avaient quitt\u00e9 le pays en 1944 avec une valise et qu&rsquo;elle ne voulait pas se retrouver dans cette situation.\u00a0\u00bb<\/p>\n<p class=\"sc-14kwckt-6 hZbEGn\">Les pays Baltes, depuis qu&rsquo;ils sont sortis du giron sovi\u00e9tique en 1991, sont pass\u00e9s du collectivisme \u00e0 une \u00e9conomie de march\u00e9, du parti unique au pluralisme.\u00a0Il leur a aussi fallu construire un discours national,\u00a0plus \u00e9vident pour la Lituanie riche d&rsquo;une histoire mill\u00e9naire que pour l&rsquo;Estonie et la Lettonie. Alors qu&rsquo;il y avait moins de 10\u00a0% de russophones dans les trois pays Baltes avant 1939, on compte d\u00e9sormais\u00a030 % de russophones en Lettonie\u00a0, 25\u00a0% en Estonie et 6\u00a0% en Lituanie.<\/p>\n<h3 class=\"sc-14kwckt-2 iybLuj sc-14kwckt-6 sc-12m61ps-0 lnDKCl\">\u00ab\u00a0Enfin, on nous \u00e9coute\u00a0\u00bb<\/h3>\n<p class=\"sc-14kwckt-6 hZbEGn\">\u00ab\u00a0Les pays Baltes n&rsquo;ont cess\u00e9 de dire pendant des ann\u00e9es que la Russie \u00e9tait une menace mais ils \u00e9taient souvent consid\u00e9r\u00e9s comme des russophobes au sein de l&rsquo;Union europ\u00e9enne. Aujourd&rsquo;hui, les leaders d&rsquo;opinion et les \u00e9lites politiques de ces pays se disent\u00a0: enfin, on nous \u00e9coute, enfin l&rsquo;Europe a compris\u00a0\u00bb, explique Katerina Kesa, estonienne et enseignante \u00e0 l&rsquo;Institut national des langues et civilisations orientales.<\/p>\n<p class=\"sc-14kwckt-6 hZbEGn\">Face \u00e0 la menace russe, les dangers sont multiples\u00a0: d\u00e9pendance \u00e9nerg\u00e9tique, cyberguerre, campagnes de d\u00e9sinformation, attaques hybrides avec l&rsquo;envoi de migrants syriens orchestr\u00e9s depuis la Bi\u00e9lorussie.<\/p>\n<p class=\"sc-14kwckt-6 hZbEGn\">Les pays Baltes ont fait des choix strat\u00e9giques pour leur s\u00e9curit\u00e9\u00a0: int\u00e9gration \u00e0 l&rsquo;Otan, protection des Etats-Unis, adh\u00e9sion \u00e0 l&rsquo;Union europ\u00e9enne. \u00ab\u00a0Nous voulons que les Am\u00e9ricains et les Europ\u00e9ens travaillent ensemble car ce sont les d\u00e9mocraties qui sont d\u00e9fi\u00e9es\u00a0\u00bb, explique un conseiller diplomatique pour qui l&rsquo;appui am\u00e9ricain est une \u00ab\u00a0question de survie\u00a0\u00bb.<\/p>\n<h3 class=\"sc-14kwckt-2 iybLuj sc-14kwckt-6 sc-12m61ps-0 lnDKCl\">Coinc\u00e9s entre la Russie, la Bi\u00e9lorussie et Kaliningrad<\/h3>\n<p class=\"sc-14kwckt-6 hZbEGn\">Les Baltes \u00e9prouvent en revanche la plus grande m\u00e9fiance vis-\u00e0-vis du concept d&rsquo;autonomie strat\u00e9gique europ\u00e9en et de d\u00e9fense europ\u00e9enne. \u00ab\u00a0Quels sont les objectifs, quelles sont les lignes rouges\u00a0?\u00a0\u00bb s&rsquo;interroge un diplomate balte. Toute architecture s\u00e9curitaire ne peut s&rsquo;entendre qu&rsquo;avec l&rsquo;Alliance atlantique, car l&rsquo;Union europ\u00e9enne est tr\u00e8s loin d&rsquo;\u00eatre une puissance militaire.\u00a0Coinc\u00e9s entre la Russie, la Bi\u00e9lorussie et le couloir de Kaliningrad, les risques de conflits conventionnels, voire nucl\u00e9aires, leur paraissent plus r\u00e9alistes que jamais.<\/p>\n<p>Lire l&rsquo;article sur le site des <a href=\"https:\/\/www.lesechos.fr\/monde\/europe\/guerre-en-ukraine-les-pays-baltes-veulent-obtenir-une-protection-accrue-de-lotan-1397019\">Echos<\/a>.<\/p>\n<\/div>\n","protected":false},"excerpt":{"rendered":"<p>Avant le sommet de l&rsquo;Otan \u00e0 Madrid en juin prochain, les dirigeants des pays Baltes continuent d&rsquo;alerter sur la n\u00e9cessit\u00e9 de renforcer la protection de leurs pays apr\u00e8s l&rsquo;invasion de<\/p>\n","protected":false},"author":3,"featured_media":15199,"comment_status":"closed","ping_status":"closed","sticky":false,"template":"","format":"standard","meta":{"footnotes":""},"categories":[23],"tags":[153],"class_list":["post-15198","post","type-post","status-publish","format-standard","has-post-thumbnail","hentry","category-news-room","tag-153"],"_links":{"self":[{"href":"https:\/\/www.worldpolicyconference.com\/fr\/wp-json\/wp\/v2\/posts\/15198","targetHints":{"allow":["GET"]}}],"collection":[{"href":"https:\/\/www.worldpolicyconference.com\/fr\/wp-json\/wp\/v2\/posts"}],"about":[{"href":"https:\/\/www.worldpolicyconference.com\/fr\/wp-json\/wp\/v2\/types\/post"}],"author":[{"embeddable":true,"href":"https:\/\/www.worldpolicyconference.com\/fr\/wp-json\/wp\/v2\/users\/3"}],"replies":[{"embeddable":true,"href":"https:\/\/www.worldpolicyconference.com\/fr\/wp-json\/wp\/v2\/comments?post=15198"}],"version-history":[{"count":0,"href":"https:\/\/www.worldpolicyconference.com\/fr\/wp-json\/wp\/v2\/posts\/15198\/revisions"}],"wp:featuredmedia":[{"embeddable":true,"href":"https:\/\/www.worldpolicyconference.com\/fr\/wp-json\/wp\/v2\/media\/15199"}],"wp:attachment":[{"href":"https:\/\/www.worldpolicyconference.com\/fr\/wp-json\/wp\/v2\/media?parent=15198"}],"wp:term":[{"taxonomy":"category","embeddable":true,"href":"https:\/\/www.worldpolicyconference.com\/fr\/wp-json\/wp\/v2\/categories?post=15198"},{"taxonomy":"post_tag","embeddable":true,"href":"https:\/\/www.worldpolicyconference.com\/fr\/wp-json\/wp\/v2\/tags?post=15198"}],"curies":[{"name":"wp","href":"https:\/\/api.w.org\/{rel}","templated":true}]}}