{"id":1521,"date":"2014-05-12T12:12:07","date_gmt":"2014-05-12T11:12:07","guid":{"rendered":"http:\/\/www.worldpolicyconference.com\/didier-reynders\/"},"modified":"2021-07-15T15:53:40","modified_gmt":"2021-07-15T14:53:40","slug":"didier-reynders","status":"publish","type":"post","link":"https:\/\/www.worldpolicyconference.com\/fr\/didier-reynders\/","title":{"rendered":"Didier Reynders"},"content":{"rendered":"<p><span style=\"font-weight: 400;\">Commissaire pour la Justice charg\u00e9 de l&rsquo;\u00c9tat de droit et de la protection des consommateurs, Commission europ\u00e9enne. P\u00e8re de quatre enfants, Didier Reynders est n\u00e9 \u00e0 Li\u00e8ge le 6 ao\u00fbt 1958. En 1981, il obtient un dipl\u00f4me en droit \u00e0 l&rsquo;Universit\u00e9 de Li\u00e8ge. Ma\u00eetre de conf\u00e9rences invit\u00e9 aux Universit\u00e9s de Li\u00e8ge et de Louvain, il n&rsquo;a jamais vraiment quitt\u00e9 la vie acad\u00e9mique jusqu&rsquo;\u00e0 ce qu&rsquo;il devienne, le 1<\/span><span style=\"font-weight: 400;\">er<\/span><span style=\"font-weight: 400;\"> d\u00e9cembre 2019, commissaire europ\u00e9en pour la Justice. Apr\u00e8s avoir pr\u00e9sid\u00e9 la Soci\u00e9t\u00e9 nationale des chemins de fer belges et la Soci\u00e9t\u00e9 nationale des voies a\u00e9riennes, il est \u00e9lu vice-pr\u00e9sident du PRL (parti lib\u00e9ral), avant de devenir d\u00e9put\u00e9 \u00e0 la Chambre des repr\u00e9sentants en 1992 (jusqu\u2019en 2019). Le 12 juillet 1999, il devient ministre des Finances (jusqu&rsquo;au 6 d\u00e9cembre 2011) et, le 18 juillet 2004, (simultan\u00e9ment) vice-Premier ministre (jusqu&rsquo;au 30 novembre 2019). Il est pr\u00e9sident du Mouvement r\u00e9formateur (alliance de partis lib\u00e9raux) du 11 octobre 2004 au 14 f\u00e9vrier 2011. Il est ministre des Affaires \u00e9trang\u00e8res, du Commerce ext\u00e9rieur et des Affaires europ\u00e9ennes du 6 d\u00e9cembre 2011 au 11 octobre 2014. Il est devenu ministre des Affaires \u00e9trang\u00e8res et europ\u00e9ennes, charg\u00e9 de Beliris et des Institutions culturelles f\u00e9d\u00e9rales le 1<\/span><span style=\"font-weight: 400;\">er<\/span><span style=\"font-weight: 400;\"> octobre 2014 (jusqu&rsquo;au 30 novembre 2019). Il est \u00e9galement devenu ministre de la D\u00e9fense le 9 d\u00e9cembre 2018 (jusqu&rsquo;au 30 novembre 2019). Depuis le 1<\/span><span style=\"font-weight: 400;\">er<\/span> <span style=\"font-weight: 400;\">d\u00e9cembre 2019, il est commissaire europ\u00e9en pour la Justice, charg\u00e9 de l&rsquo;\u00c9tat de droit et de la protection des consommateurs.<\/span><\/p>","protected":false},"excerpt":{"rendered":"<p>Commissaire pour la Justice charg\u00e9 de l&rsquo;\u00c9tat de droit et de la protection des consommateurs, Commission europ\u00e9enne. P\u00e8re de quatre enfants, Didier Reynders est n\u00e9 \u00e0 Li\u00e8ge le 6 ao\u00fbt<\/p>\n","protected":false},"author":1,"featured_media":14314,"comment_status":"closed","ping_status":"open","sticky":false,"template":"","format":"standard","meta":{"footnotes":""},"categories":[8],"tags":[10,127],"class_list":["post-1521","post","type-post","status-publish","format-standard","has-post-thumbnail","hentry","category-invited-guests","tag-10","tag-127"],"_links":{"self":[{"href":"https:\/\/www.worldpolicyconference.com\/fr\/wp-json\/wp\/v2\/posts\/1521","targetHints":{"allow":["GET"]}}],"collection":[{"href":"https:\/\/www.worldpolicyconference.com\/fr\/wp-json\/wp\/v2\/posts"}],"about":[{"href":"https:\/\/www.worldpolicyconference.com\/fr\/wp-json\/wp\/v2\/types\/post"}],"author":[{"embeddable":true,"href":"https:\/\/www.worldpolicyconference.com\/fr\/wp-json\/wp\/v2\/users\/1"}],"replies":[{"embeddable":true,"href":"https:\/\/www.worldpolicyconference.com\/fr\/wp-json\/wp\/v2\/comments?post=1521"}],"version-history":[{"count":0,"href":"https:\/\/www.worldpolicyconference.com\/fr\/wp-json\/wp\/v2\/posts\/1521\/revisions"}],"wp:featuredmedia":[{"embeddable":true,"href":"https:\/\/www.worldpolicyconference.com\/fr\/wp-json\/wp\/v2\/media\/14314"}],"wp:attachment":[{"href":"https:\/\/www.worldpolicyconference.com\/fr\/wp-json\/wp\/v2\/media?parent=1521"}],"wp:term":[{"taxonomy":"category","embeddable":true,"href":"https:\/\/www.worldpolicyconference.com\/fr\/wp-json\/wp\/v2\/categories?post=1521"},{"taxonomy":"post_tag","embeddable":true,"href":"https:\/\/www.worldpolicyconference.com\/fr\/wp-json\/wp\/v2\/tags?post=1521"}],"curies":[{"name":"wp","href":"https:\/\/api.w.org\/{rel}","templated":true}]}}