{"id":15227,"date":"2022-04-13T11:09:16","date_gmt":"2022-04-13T10:09:16","guid":{"rendered":"https:\/\/www.worldpolicyconference.com\/?p=15227"},"modified":"2022-04-13T11:09:16","modified_gmt":"2022-04-13T10:09:16","slug":"tragique-engrenage-au-donbass","status":"publish","type":"post","link":"https:\/\/www.worldpolicyconference.com\/fr\/tragique-engrenage-au-donbass\/","title":{"rendered":"\u00abTragique engrenage au Donbass\u00bb"},"content":{"rendered":"<p><span class=\"fig-content-metas__authors\">Par\u00a0Renaud Girard<\/span><\/p>\n<div class=\"fig-content-metas__pub\"><span class=\"fig-content-metas__pub-date fig-content-metas__pub-date--hide-small\">Publi\u00e9\u00a0<time datetime=\"2022-04-11T20:34:40+02:00\">le 11\/04\/2022<\/time><\/span><\/div>\n<div><\/div>\n<div>\n<figure class=\"fig-media fig-media--type-photo fig-media__content-main\">\n<div class=\"fig-media__container fig-placeholder fig-placeholder--16-9\" style=\"box-sizing: border-box; border: 0px; font-style: inherit; font-variant: inherit; font-weight: inherit; font-stretch: inherit; line-height: inherit; font-family: inherit; font-size: 0px; margin: 0px; padding: 0px; vertical-align: baseline; max-width: 100%; position: relative; cursor: pointer;\" data-module=\"fig-photo\" data-context=\"was @visible\" data-modal-image=\"&lt;img srcset=&quot;https:\/\/i.f1g.fr\/media\/eidos\/1194x804\/2022\/04\/11\/XVMfc4f568a-b9b2-11ec-bca2-a94dd9d9e37e.jpg, https:\/\/i.f1g.fr\/media\/eidos\/704x704\/2022\/04\/11\/XVMfc4f568a-b9b2-11ec-bca2-a94dd9d9e37e.jpg, https:\/\/i.f1g.fr\/media\/eidos\/320x395\/2022\/04\/11\/XVMfc4f568a-b9b2-11ec-bca2-a94dd9d9e37e.jpg&quot; sizes=&quot;(min-width: 64em) 1194px, (min-width: 48em) and (max-width: 63.99em) 704px, 100vw&quot; class=&quot;fig-media-modal__image&quot; alt=&quot;&quot;\/&gt;\" data-modal-image-credit=\"Jean-Christophe MARMARA\/Le Figaro\" aria-label=\"Agrandir l'image\"><img class=\"fig-media-photo fig-img fig-img--complete\" sizes=\"(min-width: 48em) 704px, 100vw\" srcset=\"https:\/\/i.f1g.fr\/media\/eidos\/414x233_cropupscale\/2022\/04\/11\/XVMfc4f568a-b9b2-11ec-bca2-a94dd9d9e37e.jpg 414w, https:\/\/i.f1g.fr\/media\/eidos\/704x396_cropupscale\/2022\/04\/11\/XVMfc4f568a-b9b2-11ec-bca2-a94dd9d9e37e.jpg 704w\" alt=\"\" \/><\/p>\n<div class=\"fig-media__button\"><\/div>\n<\/div><figcaption class=\"fig-media__legend\">Renaud Girard.<span class=\"fig-media__credits\">\u00a0Jean-Christophe MARMARA\/Le Figaro<\/span><\/figcaption><\/figure>\n<p class=\"fig-standfirst\">CHRONIQUE &#8211; M\u00eame si le peuple ukrainien accepte un jour de renoncer \u00e0 adh\u00e9rer \u00e0 l\u2019Otan &#8211; ce qui est tout sauf certain -, le pays continuera \u00e0 s\u2019\u00e9quiper d\u2019armes occidentales.<\/p>\n<div class=\"fig-content-body\" data-agora-base-url=\"https:\/\/connect.lefigaro.fr\" data-component=\"fig-content-body\" data-context=\"was @visible\" data-id=\"bGVmaWdhcm8uZnJfX2U2OGE1NjI0LWI5YjItMTFlYy1iY2EyLWE5NGRkOWQ5ZTM3ZV9fQXJ0aWNsZQ==\" data-module=\"fig-body\" data-premium=\"true\">\n<p class=\"fig-paragraph\">La guerre d\u00e9clench\u00e9e par Vladimir Poutine contre l\u2019Ukraine dure depuis plus d\u2019un mois et demi. Elle n\u2019est donc pas la\u00a0<em>blitzkrieg<\/em>\u00a0qu\u2019elle \u00e9tait cens\u00e9e \u00eatre dans la t\u00eate des dirigeants russes. Dans le m\u00eame intervalle de temps, au printemps\u00a01940, l\u2019Allemagne avait r\u00e9ussi \u00e0 vaincre l\u2019arm\u00e9e de la France et le corps exp\u00e9ditionnaire du Royaume-Uni, deux puissances qui avaient gagn\u00e9 la guerre vingt-deux ans plus t\u00f4t. Les Fran\u00e7ais avaient \u00e9t\u00e9 d\u00e9faits, mais ils s\u2019\u00e9taient battus avec courage, perdant 60.000 soldats, morts au champ d\u2019honneur. Les Britanniques avaient eu quant \u00e0 eux 4500 tu\u00e9s sur le sol fran\u00e7ais.<\/p>\n<div class=\"fig-recommended fig-crosslinking\">Pour justifier son \u00abop\u00e9ration militaire sp\u00e9ciale\u00bb aupr\u00e8s du peuple russe, le ma\u00eetre du Kremlin avait pr\u00e9sent\u00e9, dans une allocution t\u00e9l\u00e9vis\u00e9e le 24\u00a0f\u00e9vrier 2022, deux objectifs strat\u00e9giques: la \u00abd\u00e9nazification\u00bb de l\u2019Ukraine et sa d\u00e9militarisation.<\/div>\n<\/div>\n<\/div>\n<div><\/div>\n<div>Lire l&rsquo;article int\u00e9gral sur le site du <a href=\"https:\/\/www.lefigaro.fr\/vox\/monde\/renaud-girard-tragique-engrenage-au-donbass-20220411\">Figaro<\/a>.<\/div>\n<p><\/p>","protected":false},"excerpt":{"rendered":"<p>Par\u00a0Renaud Girard Publi\u00e9\u00a0le 11\/04\/2022 Renaud Girard.\u00a0Jean-Christophe MARMARA\/Le Figaro CHRONIQUE &#8211; M\u00eame si le peuple ukrainien accepte un jour de renoncer \u00e0 adh\u00e9rer \u00e0 l\u2019Otan &#8211; ce qui est tout sauf<\/p>\n","protected":false},"author":3,"featured_media":15180,"comment_status":"closed","ping_status":"closed","sticky":false,"template":"","format":"standard","meta":{"footnotes":""},"categories":[23],"tags":[153],"class_list":["post-15227","post","type-post","status-publish","format-standard","has-post-thumbnail","hentry","category-news-room","tag-153"],"_links":{"self":[{"href":"https:\/\/www.worldpolicyconference.com\/fr\/wp-json\/wp\/v2\/posts\/15227","targetHints":{"allow":["GET"]}}],"collection":[{"href":"https:\/\/www.worldpolicyconference.com\/fr\/wp-json\/wp\/v2\/posts"}],"about":[{"href":"https:\/\/www.worldpolicyconference.com\/fr\/wp-json\/wp\/v2\/types\/post"}],"author":[{"embeddable":true,"href":"https:\/\/www.worldpolicyconference.com\/fr\/wp-json\/wp\/v2\/users\/3"}],"replies":[{"embeddable":true,"href":"https:\/\/www.worldpolicyconference.com\/fr\/wp-json\/wp\/v2\/comments?post=15227"}],"version-history":[{"count":0,"href":"https:\/\/www.worldpolicyconference.com\/fr\/wp-json\/wp\/v2\/posts\/15227\/revisions"}],"wp:featuredmedia":[{"embeddable":true,"href":"https:\/\/www.worldpolicyconference.com\/fr\/wp-json\/wp\/v2\/media\/15180"}],"wp:attachment":[{"href":"https:\/\/www.worldpolicyconference.com\/fr\/wp-json\/wp\/v2\/media?parent=15227"}],"wp:term":[{"taxonomy":"category","embeddable":true,"href":"https:\/\/www.worldpolicyconference.com\/fr\/wp-json\/wp\/v2\/categories?post=15227"},{"taxonomy":"post_tag","embeddable":true,"href":"https:\/\/www.worldpolicyconference.com\/fr\/wp-json\/wp\/v2\/tags?post=15227"}],"curies":[{"name":"wp","href":"https:\/\/api.w.org\/{rel}","templated":true}]}}