{"id":15268,"date":"2022-04-28T13:42:35","date_gmt":"2022-04-28T12:42:35","guid":{"rendered":"https:\/\/www.worldpolicyconference.com\/?p=15268"},"modified":"2022-04-28T13:42:35","modified_gmt":"2022-04-28T12:42:35","slug":"jawad-kerdoudi-maroc-france-lavenir-des-relations-bilaterales-apres-la-reelection-de-macron","status":"publish","type":"post","link":"https:\/\/www.worldpolicyconference.com\/fr\/jawad-kerdoudi-maroc-france-lavenir-des-relations-bilaterales-apres-la-reelection-de-macron\/","title":{"rendered":"Jawad Kerdoudi : \u00ab\u00a0Maroc-France : L\u2019avenir des relations bilat\u00e9rales apr\u00e8s la r\u00e9\u00e9lection de Macron\u00a0\u00bb"},"content":{"rendered":"<div class=\"auteur\">\n<div class=\"access\">R\u00e9dig\u00e9 par Anass MACHLOUKH le Lundi 25 Avril 2022<\/div>\n<\/div>\n<p>&nbsp;<\/p>\n<div class=\"chapeau\">\n<h3 class=\"access\">Apr\u00e8s la r\u00e9\u00e9lection d\u2019Emmanuel Marcon \u00e0 l\u2019Elys\u00e9e, les relations franco-marocaines sont face au d\u00e9fi du renouveau apr\u00e8s cinq ans de vicissitudes. D\u00e9tails.<\/h3>\n<\/div>\n<p>&nbsp;<\/p>\n<div class=\"entry-content instapaper_body\">\n<p>&nbsp;<\/p>\n<div id=\"para_1\" class=\"para_46023797 resize\">\n<div class=\"photo shadow top\"><a title=\"Maroc-France : L\u2019avenir des relations bilat\u00e9rales apr\u00e8s la r\u00e9\u00e9lection de Macron\" rel=\"https:\/\/www.lopinion.ma\/photo\/art\/grande\/64017822-46023797.jpg?v=1650910301&amp;ibox\"><img decoding=\"async\" class=\"not-responsive\" title=\"Maroc-France : L\u2019avenir des relations bilat\u00e9rales apr\u00e8s la r\u00e9\u00e9lection de Macron\" src=\"https:\/\/www.lopinion.ma\/photo\/art\/default\/64017822-46023797.jpg?v=1650910304\" alt=\"Maroc-France : L\u2019avenir des relations bilat\u00e9rales apr\u00e8s la r\u00e9\u00e9lection de Macron\" width=\"705\" \/><\/a><\/div>\n<div class=\"texte\">\n<div class=\"access firstletter\">\n<div>\n<p>Comme pr\u00e9vu par les sondages, le pr\u00e9sident fran\u00e7ais Emmanuel Macron a pu se faire r\u00e9\u00e9lire. Le locataire de l\u2019Elys\u00e9e a pu s\u2019imposer face \u00e0 sa rivale du Rassemblement National (RN), Marine Le Pen, au second tour de l\u2019\u00e9lection pr\u00e9sidentielle en obtenant 58,5% des suffrages. Le candidat de la R\u00e9publique en Marche a pu ainsi succ\u00e9der \u00e0 lui-m\u00eame, fait in\u00e9dit depuis la fin du mandat de Jacques Chirac \u00e9tant que ni Nicolas Sarkozy ni Fran\u00e7ois Hollande n\u2019ont pu faire de m\u00eame. Au Maroc, pays qui abrite la plus grande communaut\u00e9 fran\u00e7aise en Afrique, les ressortissants fran\u00e7ais ont vot\u00e9 massivement pour le pr\u00e9sident sortant, en lui accordant 87,44% des voix.<\/p>\n<p>En obtenant un nouveau mandat \u00e0 l\u2019Elys\u00e9e, le pr\u00e9sident fran\u00e7ais est confront\u00e9 \u00e0 une mission de taille sur le plan diplomatique : r\u00e9tablir le prestige de la France sur la sc\u00e8ne internationale d\u2019autant que son quinquennat pr\u00e9c\u00e9dent a \u00e9t\u00e9 \u00e9maill\u00e9 de revers, dont la crise avec le Mali et le retrait des troupes fran\u00e7aises de ce pays historiquement sous influence fran\u00e7aise est l\u2019exemple le plus marquant.<\/p>\n<p>Sur l\u2019\u00e9chiquier africain, le Maroc occupe une place importante aux yeux de la France qui consid\u00e8re le Royaume comme un \u00ab pays ami \u00bb. Une appellation qui date de l\u2019\u00e9poque de l\u2019ind\u00e9pendance et qui demeure d\u2019actualit\u00e9 malgr\u00e9 les crises qui ont pu surgir. Les sp\u00e9culations abondent de toutes parts pour tenter d\u2019entrevoir ce \u00e0 quoi ressembleront les relations entre Rabat et Paris durant le second mandat d\u2019Emmanuel Macron, surtout que les relations bilat\u00e9rales n\u2019ont pas \u00e9t\u00e9 si prosp\u00e8res r\u00e9cemment. Les malentendus ont \u00e9t\u00e9 nombreux.<\/p>\n<p>Flashback : le pr\u00e9sident fran\u00e7ais n\u2019a pas visit\u00e9 le Maroc depuis le 15 novembre 2018, date de l\u2019inauguration du TGV Tanger-K\u00e9nitra o\u00f9 il a accompagn\u00e9 SM le Roi. Une autre visite a \u00e9t\u00e9 pr\u00e9vue en juin 2019 pour l\u2019inauguration de l\u2019Usine PSA \u00e0 K\u00e9nitra mais elle a fini par \u00eatre annul\u00e9e. Malgr\u00e9 les justifications d\u2019agenda avanc\u00e9es par l\u2019Elys\u00e9e, de nombreux commentateurs ont estim\u00e9 que cette annulation n\u2019a pas \u00e9t\u00e9 fortuite et serait due \u00e0 des divergences sur plusieurs sujets dont celui de la ligne TGV Agadir-Marrakech.<\/p>\n<p>Depuis lors, le dialogue entre Rabat et Paris est moins chaleureux, sachant que des visites ont \u00e9t\u00e9 effectu\u00e9es par les ministres de l\u2019Int\u00e9rieur, de la Justice et des Affaires \u00e9trang\u00e8res au Maroc mais pour r\u00e9gler des probl\u00e8mes qui persistent toujours. La question migratoire demeure l\u2019un des points \u00e9pineux, la d\u00e9cision de Paris de r\u00e9duire de moiti\u00e9 les visas accord\u00e9s aux Marocains a \u00e9t\u00e9 accueillie avec agacement par les autorit\u00e9s marocaines qui, pourtant, coop\u00e8rent de fa\u00e7on proactive dans le dossier des mineurs isol\u00e9s. Aussi, la crise du Covid-19, la guerre en Ukraine ont-elles \u00e9loign\u00e9 les deux pays l\u2019un de l\u2019autre, laissant le vide s\u2019installer entre eux.<\/p>\n<p><strong>Macron plut\u00f4t que Le Pen ?<\/strong><\/p>\n<p><strong>L\u2019\u00e9lection de Macron demeure pr\u00e9f\u00e9rable aux yeux du Maroc, estime Jawad Kerdoudi, pr\u00e9sident de l\u2019Institut marocain des Relations internationales qui estime que la candidate du RN, Marine Le Pen, aurait \u00e9t\u00e9 plus dure sur la question migratoire si elle \u00e9tait \u00e9lue. Notre interlocuteur juge que la France est un appui pr\u00e9cieux du Maroc dans l\u2019affaire du Sahara. \u00ab Dans les cinq prochaines ann\u00e9es, le Maroc doit profiter de la pr\u00e9sidence fran\u00e7aise de l\u2019Union Europ\u00e9enne pour obtenir une position plus audacieuse de l\u2019UE sur la question du Sahara \u00bb, a-t-il pr\u00e9cis\u00e9.<\/strong><\/p>\n<p>En plus de la question migratoire, l\u2019affaire Pegasus n\u2019a pas \u00e9t\u00e9 de nature \u00e0 r\u00e9chauffer les relations. Le gouvernement fran\u00e7ais n\u2019a pas r\u00e9agi aux accusations mensong\u00e8res d\u2019espionnage \u00e9mises contre le Maroc, tellement grotesques comme de hautes personnalit\u00e9s fran\u00e7aises le reconnaissent.<\/p>\n<p>Pour autant, l\u2019attitude de la Justice fran\u00e7aise, qui a jug\u00e9 irrecevables les poursuites engag\u00e9es par le Maroc contre les m\u00e9dias fran\u00e7ais ayant relay\u00e9 ces accusations, a interloqu\u00e9 l\u2019opinion publique marocaine. \u00c0 quoi s\u2019ajoute une question beaucoup plus complexe : l\u2019Afrique de l\u2019Ouest o\u00f9 la pr\u00e9sence \u00e9conomique de plus en plus importante du Maroc est vue avec m\u00e9fiance en France qui pr\u00e9f\u00e8re ne pas avoir un concurrent suppl\u00e9mentaire dans sa zone d\u2019influence traditionnelle.<\/p>\n<p><strong>La diplomatie des coulisses en ordre de bataille<\/strong><\/p>\n<p>En d\u00e9pit de tous les soucis qui puissent subsister, les relations entre Paris et Rabat sont tr\u00e8s enracin\u00e9es. La France est le deuxi\u00e8me partenaire commercial et le premier investisseur \u00e9tranger au Maroc avec un r\u00e9seau de 1000 entreprises implant\u00e9es. Raison pour laquelle les deux pays sont condamn\u00e9s \u00e0 coop\u00e9rer.<\/p>\n<p>Comme ses anciens soutiens traditionnels au sein de la classe politique fran\u00e7aise (Jean Louis Borloo, Dominique De Villepin, Jack Lang\u2026) ne sont plus politiquement actifs, le Maroc mise sur le r\u00e9seautage pour r\u00e9activer ses r\u00e9seaux \u00e0 Paris. Mission qui incombe au nouvel Ambassadeur du Royaume, Mohammed Bencha\u00e2boun. Ce dernier multiplie les rencontres avec le groupe d\u2019amiti\u00e9 Maroc-France au S\u00e9nat, dont le pr\u00e9sident, Christian Cambon, est l\u2019uns des fervents d\u00e9fenseurs de l\u2019amiti\u00e9 franco-marocaine.<\/p>\n<p>Lire l&rsquo;article original sur le site de <a href=\"https:\/\/www.lopinion.ma\/Maroc-France-L-avenir-des-relations-bilaterales-apres-la-reelection-de-Macron_a26621.html\">L&rsquo;Opinion<\/a>.<\/p>\n<\/div>\n<\/div>\n<\/div>\n<\/div>\n<\/div>\n","protected":false},"excerpt":{"rendered":"<p>R\u00e9dig\u00e9 par Anass MACHLOUKH le Lundi 25 Avril 2022 &nbsp; Apr\u00e8s la r\u00e9\u00e9lection d\u2019Emmanuel Marcon \u00e0 l\u2019Elys\u00e9e, les relations franco-marocaines sont face au d\u00e9fi du renouveau apr\u00e8s cinq ans de<\/p>\n","protected":false},"author":3,"featured_media":15270,"comment_status":"closed","ping_status":"closed","sticky":false,"template":"","format":"standard","meta":{"footnotes":""},"categories":[23],"tags":[153],"class_list":["post-15268","post","type-post","status-publish","format-standard","has-post-thumbnail","hentry","category-news-room","tag-153"],"_links":{"self":[{"href":"https:\/\/www.worldpolicyconference.com\/fr\/wp-json\/wp\/v2\/posts\/15268","targetHints":{"allow":["GET"]}}],"collection":[{"href":"https:\/\/www.worldpolicyconference.com\/fr\/wp-json\/wp\/v2\/posts"}],"about":[{"href":"https:\/\/www.worldpolicyconference.com\/fr\/wp-json\/wp\/v2\/types\/post"}],"author":[{"embeddable":true,"href":"https:\/\/www.worldpolicyconference.com\/fr\/wp-json\/wp\/v2\/users\/3"}],"replies":[{"embeddable":true,"href":"https:\/\/www.worldpolicyconference.com\/fr\/wp-json\/wp\/v2\/comments?post=15268"}],"version-history":[{"count":0,"href":"https:\/\/www.worldpolicyconference.com\/fr\/wp-json\/wp\/v2\/posts\/15268\/revisions"}],"wp:featuredmedia":[{"embeddable":true,"href":"https:\/\/www.worldpolicyconference.com\/fr\/wp-json\/wp\/v2\/media\/15270"}],"wp:attachment":[{"href":"https:\/\/www.worldpolicyconference.com\/fr\/wp-json\/wp\/v2\/media?parent=15268"}],"wp:term":[{"taxonomy":"category","embeddable":true,"href":"https:\/\/www.worldpolicyconference.com\/fr\/wp-json\/wp\/v2\/categories?post=15268"},{"taxonomy":"post_tag","embeddable":true,"href":"https:\/\/www.worldpolicyconference.com\/fr\/wp-json\/wp\/v2\/tags?post=15268"}],"curies":[{"name":"wp","href":"https:\/\/api.w.org\/{rel}","templated":true}]}}