{"id":15285,"date":"2022-05-04T11:25:48","date_gmt":"2022-05-04T10:25:48","guid":{"rendered":"https:\/\/www.worldpolicyconference.com\/?p=15285"},"modified":"2022-05-04T11:25:48","modified_gmt":"2022-05-04T10:25:48","slug":"ukraine-arreter-la-surenchere-verbale","status":"publish","type":"post","link":"https:\/\/www.worldpolicyconference.com\/fr\/ukraine-arreter-la-surenchere-verbale\/","title":{"rendered":"\u00abUkraine, arr\u00eater la surench\u00e8re verbale\u00bb"},"content":{"rendered":"<p><span class=\"fig-content-metas__authors\">Par\u00a0Renaud Girard<\/span><\/p>\n<div class=\"fig-content-metas__pub\"><span class=\"fig-content-metas__pub-date fig-content-metas__pub-date--hide-small\">Publi\u00e9\u00a0<time datetime=\"2022-05-02T20:14:46+02:00\">le 02\/05\/2022\u00a0<\/time><\/span><\/div>\n<div><\/div>\n<div>\n<figure class=\"fig-media fig-media--type-photo fig-media__content-main\">\n<div class=\"fig-media__container fig-placeholder fig-placeholder--16-9\" style=\"box-sizing: border-box; border: 0px; font-style: inherit; font-variant: inherit; font-weight: inherit; font-stretch: inherit; line-height: inherit; font-family: inherit; font-size: 0px; margin: 0px; padding: 0px; vertical-align: baseline; max-width: 100%; position: relative; cursor: pointer;\" data-module=\"fig-photo\" data-context=\"was @visible\" data-modal-image=\"&lt;img srcset=&quot;https:\/\/i.f1g.fr\/media\/eidos\/1194x804\/2022\/05\/02\/XVMbd7e5e9c-ca38-11ec-90f7-a65ea600a5a3.jpg, https:\/\/i.f1g.fr\/media\/eidos\/704x704\/2022\/05\/02\/XVMbd7e5e9c-ca38-11ec-90f7-a65ea600a5a3.jpg, https:\/\/i.f1g.fr\/media\/eidos\/320x395\/2022\/05\/02\/XVMbd7e5e9c-ca38-11ec-90f7-a65ea600a5a3.jpg&quot; sizes=&quot;(min-width: 64em) 1194px, (min-width: 48em) and (max-width: 63.99em) 704px, 100vw&quot; class=&quot;fig-media-modal__image&quot; alt=&quot;&quot;\/&gt;\" data-modal-image-credit=\"Jean-Christophe MARMARA\/Le Figaro\" aria-label=\"Agrandir l'image\"><img class=\"fig-media-photo fig-img fig-img--complete\" sizes=\"(min-width: 48em) 704px, 100vw\" srcset=\"https:\/\/i.f1g.fr\/media\/eidos\/414x233_cropupscale\/2022\/05\/02\/XVMbd7e5e9c-ca38-11ec-90f7-a65ea600a5a3.jpg 414w, https:\/\/i.f1g.fr\/media\/eidos\/704x396_cropupscale\/2022\/05\/02\/XVMbd7e5e9c-ca38-11ec-90f7-a65ea600a5a3.jpg 704w\" alt=\"\" \/><\/p>\n<div class=\"fig-media__button\"><\/div>\n<\/div><figcaption class=\"fig-media__legend\">Renaud Girard.<span class=\"fig-media__credits\">\u00a0Jean-Christophe MARMARA\/Le Figaro<\/span><\/figcaption><\/figure>\n<p class=\"fig-standfirst\">CHRONIQUE &#8211; Qu\u2019il y ait ind\u00e9niablement de la surench\u00e8re verbale du c\u00f4t\u00e9 russe ne rend pas pour autant intelligent d\u2019en faire du c\u00f4t\u00e9 occidental.<\/p>\n<div class=\"fig-content-body\" data-agora-base-url=\"https:\/\/connect.lefigaro.fr\" data-component=\"fig-content-body\" data-context=\"was @visible\" data-id=\"bGVmaWdhcm8uZnJfXzIzMWQwYzQyLWNhMzYtMTFlYy05MGY3LWE2NWVhNjAwYTVhM19fQXJ0aWNsZQ==\" data-module=\"fig-body\" data-premium=\"true\">\n<p class=\"fig-paragraph\">Le g\u00e9n\u00e9ral Lloyd Austin a, le 25\u00a0avril 2022,\u00a0effectu\u00e9 une visite \u00e0 Kiev. Elle fut tenue secr\u00e8te jusqu\u2019au dernier moment, pour des raisons \u00e9videntes de s\u00e9curit\u00e9. Il est tout \u00e0 fait normal que le secr\u00e9taire am\u00e9ricain \u00e0 la D\u00e9fense se rende en personne sur le territoire d\u2019un pays ami, ayant \u00e9t\u00e9 agress\u00e9 militairement, et que les \u00c9tats-Unis ont d\u00e9cid\u00e9 d\u2019aider par tous les moyens, \u00e0 l\u2019exception de la guerre. Il a t\u00e9moign\u00e9 du soutien de la premi\u00e8re puissance militaire du monde aux Ukrainiens, tout en recensant leurs besoins en \u00e9quipements militaires modernes, en formations, en renseignements. Le pr\u00e9sident Joe Biden a annonc\u00e9 qu\u2019il solliciterait du Congr\u00e8s le financement d\u2019un nouveau train d\u2019aides \u00e0 l\u2019Ukraine. Vingt milliards de dollars sont pr\u00e9vus pour la fourniture d\u2019armes. C\u2019est consid\u00e9rable. Il faut remonter \u00e0 la guerre du Kippour, lanc\u00e9e en octobre 1973 par les \u00c9tats arabes contre Isra\u00ebl, pour trouver un pont a\u00e9rien militaire am\u00e9ricain aussi important.<\/p>\n<\/div>\n<p>Lire la chronique sur le site du <a href=\"https:\/\/www.lefigaro.fr\/vox\/monde\/renaud-girard-ukraine-arreter-la-surenchere-verbale-20220502\">Figaro<\/a>.<\/p>\n<\/div>\n","protected":false},"excerpt":{"rendered":"<p>Par\u00a0Renaud Girard Publi\u00e9\u00a0le 02\/05\/2022\u00a0 Renaud Girard.\u00a0Jean-Christophe MARMARA\/Le Figaro CHRONIQUE &#8211; Qu\u2019il y ait ind\u00e9niablement de la surench\u00e8re verbale du c\u00f4t\u00e9 russe ne rend pas pour autant intelligent d\u2019en faire du<\/p>\n","protected":false},"author":3,"featured_media":15180,"comment_status":"closed","ping_status":"closed","sticky":false,"template":"","format":"standard","meta":{"footnotes":""},"categories":[23],"tags":[153],"class_list":["post-15285","post","type-post","status-publish","format-standard","has-post-thumbnail","hentry","category-news-room","tag-153"],"_links":{"self":[{"href":"https:\/\/www.worldpolicyconference.com\/fr\/wp-json\/wp\/v2\/posts\/15285","targetHints":{"allow":["GET"]}}],"collection":[{"href":"https:\/\/www.worldpolicyconference.com\/fr\/wp-json\/wp\/v2\/posts"}],"about":[{"href":"https:\/\/www.worldpolicyconference.com\/fr\/wp-json\/wp\/v2\/types\/post"}],"author":[{"embeddable":true,"href":"https:\/\/www.worldpolicyconference.com\/fr\/wp-json\/wp\/v2\/users\/3"}],"replies":[{"embeddable":true,"href":"https:\/\/www.worldpolicyconference.com\/fr\/wp-json\/wp\/v2\/comments?post=15285"}],"version-history":[{"count":0,"href":"https:\/\/www.worldpolicyconference.com\/fr\/wp-json\/wp\/v2\/posts\/15285\/revisions"}],"wp:featuredmedia":[{"embeddable":true,"href":"https:\/\/www.worldpolicyconference.com\/fr\/wp-json\/wp\/v2\/media\/15180"}],"wp:attachment":[{"href":"https:\/\/www.worldpolicyconference.com\/fr\/wp-json\/wp\/v2\/media?parent=15285"}],"wp:term":[{"taxonomy":"category","embeddable":true,"href":"https:\/\/www.worldpolicyconference.com\/fr\/wp-json\/wp\/v2\/categories?post=15285"},{"taxonomy":"post_tag","embeddable":true,"href":"https:\/\/www.worldpolicyconference.com\/fr\/wp-json\/wp\/v2\/tags?post=15285"}],"curies":[{"name":"wp","href":"https:\/\/api.w.org\/{rel}","templated":true}]}}