{"id":15306,"date":"2022-05-10T16:53:30","date_gmt":"2022-05-10T15:53:30","guid":{"rendered":"https:\/\/www.worldpolicyconference.com\/?p=15306"},"modified":"2022-05-10T16:53:30","modified_gmt":"2022-05-10T15:53:30","slug":"renaud-girard-atterrissage-complique-pour-la-russie","status":"publish","type":"post","link":"https:\/\/www.worldpolicyconference.com\/fr\/renaud-girard-atterrissage-complique-pour-la-russie\/","title":{"rendered":"Renaud Girard: \u00abAtterrissage compliqu\u00e9 pour la Russie\u00bb"},"content":{"rendered":"<p><\/p>\n<div class=\"fig-wrapper fig-zone-main fig-content-metas-info\"><span class=\"fig-content-metas__authors\">Par\u00a0<a class=\"fig-content-metas__author\" href=\"https:\/\/plus.lefigaro.fr\/page\/uid\/60923\" rel=\"author\">Renaud Girard<\/a><\/span><\/p>\n<div class=\"fig-content-metas__pub\"><span class=\"fig-content-metas__pub-date fig-content-metas__pub-date--hide-small\">Publi\u00e9\u00a0<time datetime=\"2022-05-09T19:23:08+02:00\">hier \u00e0 19:23<\/time>,<\/span><span class=\"fig-content-metas__pub-maj-date\">\u00a0mis \u00e0 jour\u00a0<time datetime=\"2022-05-09T19:51:27+02:00\">hier \u00e0 19:51<\/time><\/span><\/div>\n<\/div>\n<figure class=\"fig-media fig-media--type-photo fig-media__content-main\">\n<div class=\"fig-media__container fig-placeholder fig-placeholder--16-9\" style=\"box-sizing: border-box; border: 0px; font-style: inherit; font-variant: inherit; font-weight: inherit; font-stretch: inherit; line-height: inherit; font-family: inherit; font-size: 0px; margin: 0px; padding: 0px; vertical-align: baseline; max-width: 100%; position: relative; cursor: pointer;\" data-module=\"fig-photo\" data-context=\"was @visible\" data-modal-image=\"&lt;img srcset=&quot;https:\/\/i.f1g.fr\/media\/eidos\/1194x804\/2022\/05\/09\/XVMbd7e5e9c-ca38-11ec-90f7-a65ea600a5a3.jpg, https:\/\/i.f1g.fr\/media\/eidos\/704x704\/2022\/05\/09\/XVMbd7e5e9c-ca38-11ec-90f7-a65ea600a5a3.jpg, https:\/\/i.f1g.fr\/media\/eidos\/320x395\/2022\/05\/09\/XVMbd7e5e9c-ca38-11ec-90f7-a65ea600a5a3.jpg&quot; sizes=&quot;(min-width: 64em) 1194px, (min-width: 48em) and (max-width: 63.99em) 704px, 100vw&quot; class=&quot;fig-media-modal__image&quot; alt=&quot;&quot;\/&gt;\" data-modal-image-credit=\"Jean-Christophe MARMARA\/Le Figaro\" aria-label=\"Agrandir l'image\"><img class=\"fig-media-photo fig-img fig-img--complete\" sizes=\"(min-width: 48em) 704px, 100vw\" srcset=\"https:\/\/i.f1g.fr\/media\/eidos\/414x233_cropupscale\/2022\/05\/09\/XVMbd7e5e9c-ca38-11ec-90f7-a65ea600a5a3.jpg 414w, https:\/\/i.f1g.fr\/media\/eidos\/704x396_cropupscale\/2022\/05\/09\/XVMbd7e5e9c-ca38-11ec-90f7-a65ea600a5a3.jpg 704w\" alt=\"\" \/><\/p>\n<div class=\"fig-media__button\"><\/div>\n<\/div><figcaption class=\"fig-media__legend\">Renaud Girard.<span class=\"fig-media__credits\">\u00a0Jean-Christophe MARMARA\/Le Figaro<\/span><\/figcaption><\/figure>\n<p class=\"fig-standfirst\">CHRONIQUE &#8211; Le discours de Vladimir Poutine pour comm\u00e9morer la victoire de l\u2019arm\u00e9e sovi\u00e9tique sur l\u2019Allemagne nazie en 1945 puis la magnifique parade militaire devant les murailles du Kremlin avaient quelque chose de d\u00e9connect\u00e9 de la r\u00e9alit\u00e9.<\/p>\n<div class=\"fig-content-body\" data-agora-base-url=\"https:\/\/connect.lefigaro.fr\" data-component=\"fig-content-body\" data-context=\"was @visible\" data-id=\"bGVmaWdhcm8uZnJfXzIyNzQ0MmRhLWNmYjYtMTFlYy1iMmE5LTVkMWYxOWI3NWMxOV9fQXJ0aWNsZQ==\" data-module=\"fig-body\" data-premium=\"true\">\n<p class=\"fig-paragraph\">Dans son\u00a0<a href=\"https:\/\/www.lefigaro.fr\/international\/guerre-en-ukraine-la-russie-etait-face-a-une-menace-absolument-inacceptable-affirme-poutine-20220509\" data-fig-type=\"NewsFlash\" data-gtm-custom-categorie=\"navigation\" data-gtm-custom-action=\"crossclick\" data-gtm-custom-label=\"Contextuel\" data-gtm-event=\"customEventSPE\" data-fig-domain=\"LEFIGARO\">discours de la place Rouge du 9\u00a0mai 2022 pour comm\u00e9morer la victoire de l\u2019arm\u00e9e sovi\u00e9tique sur l\u2019Allemagne nazie en 1945<\/a>, Vladimir Poutine est rest\u00e9 politiquement sobre. Il n\u2019a pas annonc\u00e9 de mobilisation g\u00e9n\u00e9rale, ni d\u2019annexion formelle par la Russie des deux r\u00e9publiques s\u00e9cessionnistes du Donbass. C\u2019est une bonne nouvelle car cela ne ferme pas les n\u00e9gociations de paix entre Russes et Ukrainiens.<\/p>\n<div class=\"fig-newsletter-box fig-container\">\n<div data-module=\"fig-newsletter-box\" data-context=\"was @visible\" data-variant=\"article\" data-site-name=\"lefigaro\"><\/div>\n<\/div>\n<p class=\"fig-paragraph\">Pour le public russe et international, Poutine a rappel\u00e9 les raisons de son\u00a0<a href=\"https:\/\/www.lefigaro.fr\/international\/explications-comprendre-pourquoi-guerre-ukraine-russie-carte-poutine-20211203\" data-fig-type=\"Article\" data-gtm-custom-categorie=\"navigation\" data-gtm-custom-action=\"crossclick\" data-gtm-custom-label=\"Contextuel\" data-gtm-event=\"customEventSPE\" data-fig-domain=\"LEFIGARO\">\u00abop\u00e9ration militaire sp\u00e9ciale\u00bb contre l\u2019Ukraine<\/a>\u00a0du 24\u00a0f\u00e9vrier. Selon lui, les Ukrainiens, \u00e9quip\u00e9s par l\u2019Occident, s\u2019appr\u00eataient \u00e0 reconqu\u00e9rir par la force la Crim\u00e9e et le Donbass, et m\u00eame \u00e0 se doter de l\u2019arme nucl\u00e9aire (\u00e0 laquelle ils avaient renonc\u00e9 en d\u00e9cembre 1994 en \u00e9change d\u2019une garantie d\u2019int\u00e9grit\u00e9 territoriale sign\u00e9e par la Russie, les \u00c9tats-Unis et l\u2019Angleterre). Bref, il a expliqu\u00e9 avoir agi pr\u00e9ventivement pour r\u00e9pondre \u00e0 une menace r\u00e9elle visant la Russie. Cette rh\u00e9torique justifiant les guerres pr\u00e9ventives\u2026<\/p>\n<div id=\"fig-premium-paywall\" class=\"fig-premium-paywall\" data-js-gtm=\"{&quot;customAction&quot;:&quot;Affichage_Paywall_paywall_auto&quot;,&quot;customCategorie&quot;:&quot;conversion&quot;,&quot;customLabel&quot;:&quot;bGVmaWdhcm8uZnJfXzIyNzQ0MmRhLWNmYjYtMTFlYy1iMmE5LTVkMWYxOWI3NWMxOV9fQXJ0aWNsZQ==_Renaud Girard: \\u00abAtterrissage compliqu\\u00e9 pour la Russie\\u00bb_591&quot;,&quot;event&quot;:&quot;customEventSPE&quot;}\" data-module=\"fig-paragraph-with-paywall\" data-context=\"was @visible\">Read the rest of the article on the website of Le Figaro<\/div>\n<div data-js-gtm=\"{&quot;customAction&quot;:&quot;Affichage_Paywall_paywall_auto&quot;,&quot;customCategorie&quot;:&quot;conversion&quot;,&quot;customLabel&quot;:&quot;bGVmaWdhcm8uZnJfXzIyNzQ0MmRhLWNmYjYtMTFlYy1iMmE5LTVkMWYxOWI3NWMxOV9fQXJ0aWNsZQ==_Renaud Girard: \\u00abAtterrissage compliqu\\u00e9 pour la Russie\\u00bb_591&quot;,&quot;event&quot;:&quot;customEventSPE&quot;}\" data-module=\"fig-paragraph-with-paywall\" data-context=\"was @visible\">https:\/\/www.lefigaro.fr\/vox\/monde\/renaud-girard-atterrissage-complique-pour-la-russie-20220509<\/div>\n<\/div>\n<p><\/p>","protected":false},"excerpt":{"rendered":"<p>Par\u00a0Renaud Girard Publi\u00e9\u00a0hier \u00e0 19:23,\u00a0mis \u00e0 jour\u00a0hier \u00e0 19:51 Renaud Girard.\u00a0Jean-Christophe MARMARA\/Le Figaro CHRONIQUE &#8211; Le discours de Vladimir Poutine pour comm\u00e9morer la victoire de l\u2019arm\u00e9e sovi\u00e9tique sur l\u2019Allemagne nazie<\/p>\n","protected":false},"author":3,"featured_media":13534,"comment_status":"closed","ping_status":"closed","sticky":false,"template":"","format":"standard","meta":{"footnotes":""},"categories":[23],"tags":[153],"class_list":["post-15306","post","type-post","status-publish","format-standard","has-post-thumbnail","hentry","category-news-room","tag-153"],"_links":{"self":[{"href":"https:\/\/www.worldpolicyconference.com\/fr\/wp-json\/wp\/v2\/posts\/15306","targetHints":{"allow":["GET"]}}],"collection":[{"href":"https:\/\/www.worldpolicyconference.com\/fr\/wp-json\/wp\/v2\/posts"}],"about":[{"href":"https:\/\/www.worldpolicyconference.com\/fr\/wp-json\/wp\/v2\/types\/post"}],"author":[{"embeddable":true,"href":"https:\/\/www.worldpolicyconference.com\/fr\/wp-json\/wp\/v2\/users\/3"}],"replies":[{"embeddable":true,"href":"https:\/\/www.worldpolicyconference.com\/fr\/wp-json\/wp\/v2\/comments?post=15306"}],"version-history":[{"count":0,"href":"https:\/\/www.worldpolicyconference.com\/fr\/wp-json\/wp\/v2\/posts\/15306\/revisions"}],"wp:featuredmedia":[{"embeddable":true,"href":"https:\/\/www.worldpolicyconference.com\/fr\/wp-json\/wp\/v2\/media\/13534"}],"wp:attachment":[{"href":"https:\/\/www.worldpolicyconference.com\/fr\/wp-json\/wp\/v2\/media?parent=15306"}],"wp:term":[{"taxonomy":"category","embeddable":true,"href":"https:\/\/www.worldpolicyconference.com\/fr\/wp-json\/wp\/v2\/categories?post=15306"},{"taxonomy":"post_tag","embeddable":true,"href":"https:\/\/www.worldpolicyconference.com\/fr\/wp-json\/wp\/v2\/tags?post=15306"}],"curies":[{"name":"wp","href":"https:\/\/api.w.org\/{rel}","templated":true}]}}