{"id":15369,"date":"2022-05-25T16:48:12","date_gmt":"2022-05-25T15:48:12","guid":{"rendered":"https:\/\/www.worldpolicyconference.com\/?p=15369"},"modified":"2022-05-25T16:48:12","modified_gmt":"2022-05-25T15:48:12","slug":"la-grande-clarification-strategique-americaine","status":"publish","type":"post","link":"https:\/\/www.worldpolicyconference.com\/fr\/la-grande-clarification-strategique-americaine\/","title":{"rendered":"\u00abLa grande clarification strat\u00e9gique am\u00e9ricaine\u00bb"},"content":{"rendered":"<p><span class=\"fig-content-metas__authors\">Par\u00a0Renaud Girard<\/span><\/p>\n<div class=\"fig-content-metas__pub\"><span class=\"fig-content-metas__pub-date fig-content-metas__pub-date--hide-small\">Publi\u00e9\u00a0<time datetime=\"2022-05-23T20:08:26+02:00\">le 23\/05\/2022<\/time><\/span><\/div>\n<div><\/div>\n<div>\n<figure class=\"fig-media fig-media--type-photo fig-media__content-main\">\n<div class=\"fig-media__container fig-placeholder fig-placeholder--16-9\" style=\"box-sizing: border-box; border: 0px; font-style: inherit; font-variant: inherit; font-weight: inherit; font-stretch: inherit; line-height: inherit; font-family: inherit; font-size: 0px; margin: 0px; padding: 0px; vertical-align: baseline; max-width: 100%; position: relative; cursor: pointer;\" data-module=\"fig-photo\" data-context=\"was @visible\" data-modal-image=\"&lt;img srcset=&quot;https:\/\/i.f1g.fr\/media\/eidos\/1194x804\/2022\/05\/23\/XVM06b11fa6-dab4-11ec-9d4f-f2149faff191.jpg, https:\/\/i.f1g.fr\/media\/eidos\/704x704\/2022\/05\/23\/XVM06b11fa6-dab4-11ec-9d4f-f2149faff191.jpg, https:\/\/i.f1g.fr\/media\/eidos\/320x395\/2022\/05\/23\/XVM06b11fa6-dab4-11ec-9d4f-f2149faff191.jpg&quot; sizes=&quot;(min-width: 64em) 1194px, (min-width: 48em) and (max-width: 63.99em) 704px, 100vw&quot; class=&quot;fig-media-modal__image&quot; alt=&quot;&quot;\/&gt;\" data-modal-image-credit=\"JONATHAN ERNST\/REUTERS\" aria-label=\"Agrandir l'image\"><img class=\"fig-media-photo fig-img fig-img--complete\" sizes=\"(min-width: 48em) 704px, 100vw\" srcset=\"https:\/\/i.f1g.fr\/media\/eidos\/414x233_cropupscale\/2022\/05\/23\/XVM06b11fa6-dab4-11ec-9d4f-f2149faff191.jpg 414w, https:\/\/i.f1g.fr\/media\/eidos\/704x396_cropupscale\/2022\/05\/23\/XVM06b11fa6-dab4-11ec-9d4f-f2149faff191.jpg 704w\" alt=\"\" \/><\/p>\n<div class=\"fig-media__button\"><\/div>\n<\/div><figcaption class=\"fig-media__legend\">Joe Biden.<span class=\"fig-media__credits\">\u00a0JONATHAN ERNST\/REUTERS<\/span><\/figcaption><\/figure>\n<p class=\"fig-standfirst\">CHRONIQUE &#8211; Joe Biden est le premier pr\u00e9sident des \u00c9tats-Unis \u00e0 lancer une politique claire, sans \u00e9quivoque ni ambigu\u00eft\u00e9, d\u2019arr\u00eat de l\u2019expansion strat\u00e9gique chinoise.<\/p>\n<div class=\"fig-content-body\" data-agora-base-url=\"https:\/\/connect.lefigaro.fr\" data-component=\"fig-content-body\" data-context=\"was @visible\" data-id=\"bGVmaWdhcm8uZnJfX2ZlOTY5NDI4LWRhYjItMTFlYy05ZDRmLWYyMTQ5ZmFmZjE5MV9fQXJ0aWNsZQ==\" data-module=\"fig-body\" data-premium=\"true\">\n<p class=\"fig-paragraph\">Parce qu\u2019elles ne rel\u00e8vent pas toujours de d\u00e9cisions rationnelles, les relations internationales sont impr\u00e9visibles.<\/p>\n<div class=\"fig-newsletter-box fig-container\">\n<div data-module=\"fig-newsletter-box\" data-context=\"was @visible\" data-variant=\"article\" data-site-name=\"lefigaro\"><\/div>\n<\/div>\n<p class=\"fig-paragraph\">En ao\u00fbt 2021, alors que les Am\u00e9ricains, sans avoir pris la peine de consulter leurs alli\u00e9s,\u00a0quittaient Kaboul dans une panique qui rappelait leur \u00e9vacuation de Sa\u00efgon en avril 1975, rares \u00e9taient ceux qui n\u2019avaient pas conclu \u00e0 un retrait strat\u00e9gique des \u00c9tats-Unis. Jake Sullivan, le nouveau conseiller \u00e0 la S\u00e9curit\u00e9 nationale, n\u2019avait-il pas annonc\u00e9, peu avant l\u2019intronisation de Joe Biden \u00e0 la Maison-Blanche, que sa politique \u00e9trang\u00e8re viserait avant tout \u00e0\u00a0<em>\u00absatisfaire les aspirations de la classe moyenne am\u00e9ricaine\u00bb?<\/em><\/p>\n<p class=\"fig-paragraph\">Emmanuel Macron, \u00e0 l\u2019automne 2021, pr\u00e9sentait sa r\u00e9ponse \u00e0 un tel retrait: \u00abl\u2019autonomie strat\u00e9gique europ\u00e9enne\u00bb. C\u2019\u00e9tait le programme que le pr\u00e9sident fran\u00e7ais souhaitait vendre \u00e0 ses homologues de l\u2019Union europ\u00e9enne, que la France s\u2019appr\u00eatait \u00e0 pr\u00e9sider \u00e0 compter du 1<sup>er<\/sup>\u00a0janvier 2022.<\/p>\n<div id=\"fig-premium-paywall\" class=\"fig-premium-paywall\" data-js-gtm=\"{&quot;customAction&quot;:&quot;Affichage_Paywall_paywall_auto&quot;,&quot;customCategorie&quot;:&quot;conversion&quot;,&quot;customLabel&quot;:&quot;bGVmaWdhcm8uZnJfX2ZlOTY5NDI4LWRhYjItMTFlYy05ZDRmLWYyMTQ5ZmFmZjE5MV9fQXJ0aWNsZQ==_Renaud Girard: \\u00abLa grande clarification strat\\u00e9gique am\\u00e9ricaine\\u00bb_361&quot;,&quot;event&quot;:&quot;customEventSPE&quot;}\" data-module=\"fig-paragraph-with-paywall\" data-context=\"was @visible\">Lire la chronique sur le site du <a href=\"https:\/\/www.lefigaro.fr\/vox\/monde\/renaud-girard-la-grande-clarification-strategique-americaine-20220523\">Figaro<\/a>.<\/div>\n<\/div>\n<\/div>\n","protected":false},"excerpt":{"rendered":"<p>Par\u00a0Renaud Girard Publi\u00e9\u00a0le 23\/05\/2022 Joe Biden.\u00a0JONATHAN ERNST\/REUTERS CHRONIQUE &#8211; Joe Biden est le premier pr\u00e9sident des \u00c9tats-Unis \u00e0 lancer une politique claire, sans \u00e9quivoque ni ambigu\u00eft\u00e9, d\u2019arr\u00eat de l\u2019expansion strat\u00e9gique<\/p>\n","protected":false},"author":3,"featured_media":15180,"comment_status":"closed","ping_status":"closed","sticky":false,"template":"","format":"standard","meta":{"footnotes":""},"categories":[23],"tags":[153],"class_list":["post-15369","post","type-post","status-publish","format-standard","has-post-thumbnail","hentry","category-news-room","tag-153"],"_links":{"self":[{"href":"https:\/\/www.worldpolicyconference.com\/fr\/wp-json\/wp\/v2\/posts\/15369","targetHints":{"allow":["GET"]}}],"collection":[{"href":"https:\/\/www.worldpolicyconference.com\/fr\/wp-json\/wp\/v2\/posts"}],"about":[{"href":"https:\/\/www.worldpolicyconference.com\/fr\/wp-json\/wp\/v2\/types\/post"}],"author":[{"embeddable":true,"href":"https:\/\/www.worldpolicyconference.com\/fr\/wp-json\/wp\/v2\/users\/3"}],"replies":[{"embeddable":true,"href":"https:\/\/www.worldpolicyconference.com\/fr\/wp-json\/wp\/v2\/comments?post=15369"}],"version-history":[{"count":0,"href":"https:\/\/www.worldpolicyconference.com\/fr\/wp-json\/wp\/v2\/posts\/15369\/revisions"}],"wp:featuredmedia":[{"embeddable":true,"href":"https:\/\/www.worldpolicyconference.com\/fr\/wp-json\/wp\/v2\/media\/15180"}],"wp:attachment":[{"href":"https:\/\/www.worldpolicyconference.com\/fr\/wp-json\/wp\/v2\/media?parent=15369"}],"wp:term":[{"taxonomy":"category","embeddable":true,"href":"https:\/\/www.worldpolicyconference.com\/fr\/wp-json\/wp\/v2\/categories?post=15369"},{"taxonomy":"post_tag","embeddable":true,"href":"https:\/\/www.worldpolicyconference.com\/fr\/wp-json\/wp\/v2\/tags?post=15369"}],"curies":[{"name":"wp","href":"https:\/\/api.w.org\/{rel}","templated":true}]}}