{"id":1537,"date":"2014-05-12T12:17:08","date_gmt":"2014-05-12T11:17:08","guid":{"rendered":"http:\/\/www.worldpolicyconference.com\/daniel-daianu\/"},"modified":"2026-04-13T09:19:28","modified_gmt":"2026-04-13T08:19:28","slug":"daniel-daianu","status":"publish","type":"post","link":"https:\/\/www.worldpolicyconference.com\/fr\/daniel-daianu\/","title":{"rendered":"Daniel D\u0103ianu"},"content":{"rendered":"<p><span style=\"font-weight: 400;\">Pr\u00e9sident du Conseil fiscal et conseiller du gouverneur (affaires de la zone euro), ancien membre du conseil d\u2019administration de la Banque nationale de Roumanie. Professeur d\u2019\u00e9conomie \u00e0 l\u2019Ecole Nationale d&rsquo;\u00c9tudes Politiques et Administratives de Bucarest et membre de l\u2019Acad\u00e9mie roumaine. Il a \u00e9t\u00e9 premier vice-pr\u00e9sident de l\u2019Autorit\u00e9 Financi\u00e8re Roumaine (2013-2014), membre du Parlement europ\u00e9en (2007-2009) et co-auteur du rapport du Parlement europ\u00e9en sur la r\u00e9forme de la r\u00e9glementation et la supervision des march\u00e9s financiers. Il a occup\u00e9 le poste de ministre des Finances de la Roumanie (1997-1998), pr\u00e9sident du Conseil de Surveillance de la Banque Commerciale Roumaine (2005-2007), \u00e9conomiste en chef de la Banque Nationale de Roumanie (1992-1997) et sous-ministre des Finances de la Roumanie (1992). Son dernier ouvrage s\u2019intitule <\/span><i><span style=\"font-weight: 400;\">Emerging Europe and The Great Recession<\/span><\/i><span style=\"font-weight: 400;\"> (GB, 2018).\u00a0\u00a0<\/span><\/p>","protected":false},"excerpt":{"rendered":"<p>Pr\u00e9sident du Conseil fiscal et conseiller du gouverneur (affaires de la zone euro), ancien membre du conseil d\u2019administration de la Banque nationale de Roumanie. Professeur d\u2019\u00e9conomie \u00e0 l\u2019Ecole Nationale d&rsquo;\u00c9tudes<\/p>\n","protected":false},"author":1,"featured_media":12543,"comment_status":"closed","ping_status":"open","sticky":false,"template":"","format":"standard","meta":{"footnotes":""},"categories":[8],"tags":[10,19,20,21,22,25,30,157],"class_list":["post-1537","post","type-post","status-publish","format-standard","has-post-thumbnail","hentry","category-invited-guests","tag-10","tag-19","tag-20","tag-21","tag-22","tag-25","tag-30","tag-157"],"_links":{"self":[{"href":"https:\/\/www.worldpolicyconference.com\/fr\/wp-json\/wp\/v2\/posts\/1537","targetHints":{"allow":["GET"]}}],"collection":[{"href":"https:\/\/www.worldpolicyconference.com\/fr\/wp-json\/wp\/v2\/posts"}],"about":[{"href":"https:\/\/www.worldpolicyconference.com\/fr\/wp-json\/wp\/v2\/types\/post"}],"author":[{"embeddable":true,"href":"https:\/\/www.worldpolicyconference.com\/fr\/wp-json\/wp\/v2\/users\/1"}],"replies":[{"embeddable":true,"href":"https:\/\/www.worldpolicyconference.com\/fr\/wp-json\/wp\/v2\/comments?post=1537"}],"version-history":[{"count":0,"href":"https:\/\/www.worldpolicyconference.com\/fr\/wp-json\/wp\/v2\/posts\/1537\/revisions"}],"wp:featuredmedia":[{"embeddable":true,"href":"https:\/\/www.worldpolicyconference.com\/fr\/wp-json\/wp\/v2\/media\/12543"}],"wp:attachment":[{"href":"https:\/\/www.worldpolicyconference.com\/fr\/wp-json\/wp\/v2\/media?parent=1537"}],"wp:term":[{"taxonomy":"category","embeddable":true,"href":"https:\/\/www.worldpolicyconference.com\/fr\/wp-json\/wp\/v2\/categories?post=1537"},{"taxonomy":"post_tag","embeddable":true,"href":"https:\/\/www.worldpolicyconference.com\/fr\/wp-json\/wp\/v2\/tags?post=1537"}],"curies":[{"name":"wp","href":"https:\/\/api.w.org\/{rel}","templated":true}]}}