{"id":15377,"date":"2022-05-30T13:05:04","date_gmt":"2022-05-30T12:05:04","guid":{"rendered":"https:\/\/www.worldpolicyconference.com\/?p=15377"},"modified":"2022-05-30T13:05:04","modified_gmt":"2022-05-30T12:05:04","slug":"le-davos-dun-monde-fragmente","status":"publish","type":"post","link":"https:\/\/www.worldpolicyconference.com\/fr\/le-davos-dun-monde-fragmente\/","title":{"rendered":"Le Davos d&rsquo;un monde fragment\u00e9"},"content":{"rendered":"<p>Le Forum \u00e9conomique mondial se r\u00e9unissait \u00e0 Davos pour la premi\u00e8re fois depuis plus de deux ans, sans les Russes et les Chinois. La guerre en Ukraine et ses cons\u00e9quences d\u00e9vastatrices ont domin\u00e9 les d\u00e9bats sur fond de craintes de r\u00e9cession. Mais l&rsquo;optimisme \u00e9tait palpable aussi car de nouveaux flux d&rsquo;innovation sont en marche.<\/p>\n<p class=\"sc-14kwckt-6 sc-1ohdft1-0 hZbEGn iGA-djk\">Par\u00a0<a class=\"sc-1oe11kk-0 DOVbE\" href=\"https:\/\/www.lesechos.fr\/@nicolas-barre\">Nicolas Barr\u00e9<\/a>,\u00a0<a class=\"sc-1oe11kk-0 DOVbE\" href=\"https:\/\/www.lesechos.fr\/@jean-marc-vittori\">Jean-Marc Vittori<\/a><\/p>\n<div class=\"sc-aamjrj-0 sc-1i0ieo8-1 cCZiIu iXMxcQ\"><span class=\"sc-1i0ieo8-0 duGKTr\">Publi\u00e9 le 26 mai 2022 \u00e0 12:43<\/span><span class=\"sc-1i0ieo8-0 duGKTr\">Mis \u00e0 jour le 26 mai 2022 \u00e0 14:45<\/span><\/div>\n<div class=\"sc-1r87fjh-0 cfVJSv post-paywall\" data-testid=\"post-description\">\n<p class=\"sc-14kwckt-6 hZbEGn\">C&rsquo;\u00e9tait un Davos diff\u00e9rent. Pour la premi\u00e8re fois en un demi-si\u00e8cle, le Forum \u00e9conomique mondial se tenait en mai (concurrenc\u00e9 par le festival de Cannes, ironisait un Indien) et non en janvier. Deux grandes nations en \u00e9taient absentes\u00a0: la Russie pour cause de guerre, la Chine pour cause d&rsquo;\u00e9pid\u00e9mie. Et il y avait\u00a0<a class=\"sc-zhefrs-0 fRQrdK\" href=\"https:\/\/www.lesechos.fr\/monde\/enjeux-internationaux\/davos-experimente-la-decroissance-1408678\">2.500 participants au lieu de 3.000<\/a>\u00a0, d&rsquo;o\u00f9 parfois l&rsquo;impression de flotter dans un costume un peu trop grand.<\/p>\n<p class=\"sc-14kwckt-6 hZbEGn\">Ajout\u00e9 \u00e0 cela un fort parfum de partition du monde, rappel d&rsquo;une autre \u00e9poque. \u00ab\u00a0Lorsque la Russie fait main basse sur le bl\u00e9 ukrainien, cela rappelle la p\u00e9riode sovi\u00e9tique\u00a0\u00bb, l\u00e2che la pr\u00e9sidente de la Commission europ\u00e9enne, Ursula von der Leyen.<\/p>\n<p class=\"sc-14kwckt-6 hZbEGn\">Mais si le monde se fragmente, si des menaces se profilent \u00e0 l&rsquo;horizon comme\u00a0<a class=\"sc-zhefrs-0 fRQrdK\" href=\"https:\/\/www.lesechos.fr\/monde\/enjeux-internationaux\/davos-redoute-la-crise-alimentaire-1408904\">celle d&rsquo;une crise alimentaire<\/a>\u00a0, l&rsquo;ambiance \u00e0 Davos n&rsquo;\u00e9tait pas \u00e0 la d\u00e9prime car un immense flux d&rsquo;innovations est dans les tuyaux\u00a0: vaccins, t\u00e9l\u00e9travail, jumeaux num\u00e9riques, \u00e9nergies renouvelables. \u00ab\u00a0En 2018, l&rsquo;armateur Maersk est venu nous demander des navires d\u00e9carbon\u00e9s, raconte Jim Snabe, le patron de Siemens. Nous ne savions pas comment faire \u00e7a. Mais aujourd&rsquo;hui, il y en a douze en construction\u00a0\u00bb.\u00a0<a class=\"sc-zhefrs-0 fRQrdK\" href=\"https:\/\/www.lesechos.fr\/idees-debats\/editos-analyses\/a-quoi-sert-encore-davos-1408328\">Ici, le monde change toujours aussi vite.<\/a><\/p>\n<h3 class=\"sc-14kwckt-2 iybLuj sc-14kwckt-6 sc-12m61ps-0 lnDKCl\">La r\u00e9cession demain\u00a0?<\/h3>\n<p class=\"sc-14kwckt-6 hZbEGn\">Chaque ann\u00e9e \u00e0 Davos, un sujet domine les esprits. La \u00ab\u00a0big thing\u00a0\u00bb cette fois-ci, c&rsquo;est la r\u00e9cession. On joue \u00e0 se faire peur\u00a0: le monde va-t-il conna\u00eetre une r\u00e9cession\u00a0? Pratiquement tout le monde r\u00e9pond non\u2026 en ajoutant que la question se pose, en tout cas pour l&rsquo;ann\u00e9e prochaine. \u00ab\u00a02023 sera compliqu\u00e9e\u00a0\u00bb, t\u00e9moigne le patron d&rsquo;un grand groupe de biens de consommation.<\/p>\n<p class=\"sc-14kwckt-6 hZbEGn\">Il faut dire que le d\u00e9fi n&rsquo;est pas simple pour les gouvernants\u00a0: calmer l&rsquo;inflation qui s&#8217;emballe un peu partout sans amputer la croissance. Pendant les quatre jours du Forum de Davos, les repr\u00e9sentants des banques centrales ont expliqu\u00e9 comment ils comptaient relever ce d\u00e9fi. Ils ont un plan en deux temps assez simple\u00a0: tuer l&rsquo;inflation le plus vite possible en\u00a0<a class=\"sc-zhefrs-0 fRQrdK\" href=\"https:\/\/www.lesechos.fr\/finance-marches\/banque-assurances\/le-secteur-financier-vigilant-face-aux-effets-indesirables-de-la-montee-des-taux-1409517\">remontant les taux d&rsquo;int\u00e9r\u00eat dans les mois qui viennent<\/a>\u00a0et s&rsquo;occuper de la croissance apr\u00e8s.<\/p>\n<p class=\"sc-14kwckt-6 hZbEGn\">Bien s\u00fbr, il y a des nuances. Pour les Europ\u00e9ens, la mission de la Banque centrale est d&rsquo;\u00e9viter l&rsquo;inflation\u2026 \u00e0 tout prix. La croissance n&rsquo;est pas un objectif. Pour les Am\u00e9ricains, les deux sont importants. La croissance l&rsquo;est m\u00eame davantage et la r\u00e9cession, insupportable. D&rsquo;ailleurs, il est recommand\u00e9 de ne jamais prononcer le mot.<\/p>\n<p class=\"sc-14kwckt-6 hZbEGn\">David Rubenstein, 72 ans, le fondateur du grand fonds d&rsquo;investissement Carlyle, raconte que quand il \u00e9tait conseiller de Jimmy Carter, le chef \u00e9conomiste de la Maison-Blanche, Alfred Kahn, s&rsquo;\u00e9tait fait incendier par le pr\u00e9sident d\u00e9mocrate\u00a0: \u00ab\u00a0Ne prononcez jamais le mot en R, \u00e7a d\u00e9prime les gens et ils finissent par y croire.\u00a0\u00bb C&rsquo;est pourquoi lorsque Carter lui demanda plus tard comment il voyait les perspectives de l&rsquo;\u00e9conomie, il lui r\u00e9pondit\u00a0: \u00ab\u00a0Comme une banane.\u00a0\u00bb<\/p>\n<p class=\"sc-14kwckt-6 hZbEGn\">La courbe de la croissance va-t-elle s&rsquo;infl\u00e9chir\u00a0? \u00ab\u00a0On peut encore l&rsquo;\u00e9viter\u00a0\u00bb, estime David Rubenstein. Mais \u00ab\u00a0il y a maintenant trois mots en R\u00a0: r\u00e9cession, Russie et taux [\u00ab\u00a0rates\u00a0\u00bb, NDLR]\u00a0\u00bb, ajoute Jane Fraser. Les risques sont l\u00e0.<\/p>\n<h3 class=\"sc-14kwckt-2 iybLuj sc-14kwckt-6 sc-12m61ps-0 lnDKCl\">L&rsquo;obsession du \u00ab net z\u00e9ro \u00bb<\/h3>\n<p class=\"sc-14kwckt-6 hZbEGn\">Il faut d\u00e9-car-bo-ner. C&rsquo;est le mot qui est revenu le plus souvent \u00e0 Davos cette ann\u00e9e apr\u00e8s l&rsquo;Ukraine. \u00ab\u00a0Il y a cinq ans, les chefs d&rsquo;entreprise s&rsquo;en moquaient, t\u00e9moigne le patron d&rsquo;un groupe europ\u00e9en d&rsquo;\u00e9quipement. Il y a trois ans, ils ont commenc\u00e9 \u00e0 basculer. Aujourd&rsquo;hui, 1.400\u00a0entreprises ont d\u00e9fini\u00a0<a class=\"sc-zhefrs-0 fRQrdK\" href=\"https:\/\/www.lesechos.fr\/thema\/articles\/comment-les-industriels-cooperent-pour-accelerer-la-decarbonation-1395788\">une strat\u00e9gie net z\u00e9ro<\/a>\u00a0.\u00a0\u00bb<\/p>\n<p class=\"sc-14kwckt-6 hZbEGn\">Les astres se sont align\u00e9s\u00a0: une lente prise de conscience\u00a0; la volont\u00e9 affich\u00e9e des gouvernements pendant l&rsquo;\u00e9pid\u00e9mie\u00a0; la guerre d\u00e9clench\u00e9e par la Russie, qui r\u00e9v\u00e8le le p\u00e9ril de la d\u00e9pendance aux \u00e9nergies fossiles. La d\u00e9carbonation est \u00ab\u00a0bonne pour le climat, bonne aussi pour l&rsquo;ind\u00e9pendance\u00a0\u00bb, r\u00e9sume Ursula von der Leyen.<\/p>\n<p class=\"sc-14kwckt-6 hZbEGn\">Mais \u00e7a ne suffit pas. Il faut aussi beaucoup d&rsquo;argent &#8211; Al Gore, l&rsquo;ancien vice-pr\u00e9sident des Etats-Unis, \u00e9voque 5.000\u00a0milliards de dollars par an. Nombre de techniques \u00e9mergentes passent mal \u00e0 grande \u00e9chelle pour l&rsquo;instant. \u00ab\u00a0Ce sera possible seulement s&rsquo;il y a une action publique pr\u00e9visible, un cadre clair\u00a0\u00bb, estime Ignacio Galan, patron de l&rsquo;\u00e9nerg\u00e9ticien espagnol Iberdrola. Les permis de construire tardent. Et les r\u00e9sistances sont fortes. \u00ab\u00a0On est parfois pass\u00e9 du NIMBY au BANANA\u00a0\u00bb, estime Mads Nipper, le patron du pionnier danois des renouvelables Orsted. Du \u00ab\u00a0Not in my backyard\u00a0\u00bb (\u00ab\u00a0Pas de \u00e7a pr\u00e8s de chez-moi\u00a0\u00bb) au \u00ab\u00a0Build anything anywhere for anybody\u00a0\u00bb, que l&rsquo;on pourrait traduire par \u00ab\u00a0Ne rien construire, nulle part, pour personne\u00a0\u00bb. Il y a du pain sur la planche.<\/p>\n<h3 class=\"sc-14kwckt-2 iybLuj sc-14kwckt-6 sc-12m61ps-0 lnDKCl\">Le sac \u00e0 dos des entreprises<\/h3>\n<p class=\"sc-14kwckt-6 hZbEGn\">Sans confiance, impossible de vacciner \u00e0 grande \u00e9chelle. Impossible aussi de profiter pleinement de l&rsquo;immense potentiel du num\u00e9rique, alors que les scandales se sont multipli\u00e9s ces derni\u00e8res ann\u00e9es chez les g\u00e9ants des technologies de l&rsquo;information.<\/p>\n<p class=\"sc-14kwckt-6 hZbEGn\">Le message est ici au fond plut\u00f4t rassurant. Car de mani\u00e8re g\u00e9n\u00e9rale, les entreprises rassurent. Le sondage que publie la firme de relations publiques\u00a0<a class=\"sc-zhefrs-0 fRQrdK\" href=\"https:\/\/www.lesechos.fr\/industrie-services\/services-conseils\/limage-des-entreprises-sest-amelioree-pendant-le-covid-1387337\">Edelman<\/a>\u00a0depuis plus de vingt ans le confirme. 62\u00a0% des sond\u00e9s dans une quinzaine de pays font confiance aux entreprises (53\u00a0% en France). Ils attendent m\u00eame de plus en plus d&rsquo;elles. Un sur deux estime que les firmes doivent punir les pays qui violent les droits de l&rsquo;homme et la loi internationale.<\/p>\n<p class=\"sc-14kwckt-6 hZbEGn\">Les entreprises ont d&rsquo;ailleurs quitt\u00e9 en masse la Russie apr\u00e8s la d\u00e9claration de guerre \u00e0 l&rsquo;Ukraine. Elles assument de facto une responsabilit\u00e9 g\u00e9opolitique. Leur sac \u00e0 dos ne cesse de s&rsquo;alourdir, avec des risques pour la l\u00e9gitimit\u00e9 de leur action.<\/p>\n<p class=\"sc-14kwckt-6 hZbEGn\">Le vrai probl\u00e8me de la confiance est ailleurs. Elle grandit avec le niveau de revenu. Or c&rsquo;est le signe d&rsquo;une soci\u00e9t\u00e9 de plus en plus fractur\u00e9e. A Davos, les images des \u00ab\u00a0gilets jaunes\u00a0\u00bb sont rest\u00e9es dans toutes les t\u00eates. Et les entreprises n&rsquo;y peuvent pas grand-chose.<\/p>\n<h3 class=\"sc-14kwckt-2 iybLuj sc-14kwckt-6 sc-12m61ps-0 lnDKCl\">Coucou la semaine de quatre jours<\/h3>\n<p class=\"sc-14kwckt-6 hZbEGn\">A chaque \u00e9dition, les organisateurs du Forum glissent un d\u00e9bat sur une innovation sociale provocante. Il y a deux ans, c&rsquo;\u00e9tait le revenu universel. Cette fois-ci, c&rsquo;est\u00a0<a class=\"sc-zhefrs-0 fRQrdK\" href=\"https:\/\/www.lesechos.fr\/pme-regions\/actualite-pme\/de-plus-en-plus-de-pme-testent-la-semaine-de-quatre-jours-1371490\">la semaine de quatre jours<\/a>\u00a0. Tous les participants &#8211; un psychologue, une ministre \u00e9miratie, la patronne d&rsquo;un think tank am\u00e9ricain influent, une activiste britannique et le patron du g\u00e9ant de l&rsquo;int\u00e9rim Manpower, Jonas Prising &#8211; sont \u00e0 fond pour, m\u00eame si eux-m\u00eames admettent travailler six ou sept jours par semaine. L&rsquo;un rappelle la baisse du temps de travail de Henry Ford il y a plus d&rsquo;un si\u00e8cle, l&rsquo;autre une usine de c\u00e9r\u00e9ales Kellogg qui avait d\u00e9cid\u00e9 la semaine de quatre jours dans les ann\u00e9es 1930. Davantage de temps pour se reposer, \u00eatre en famille, faire du sport\u2026<\/p>\n<p class=\"sc-14kwckt-6 hZbEGn\">Dans la salle, un chef d&rsquo;entreprise inconscient ose \u00e9voquer le probl\u00e8me de revenus qui pourrait en r\u00e9sulter. L&rsquo;argument est balay\u00e9 au nom des gains de productivit\u00e9 engendr\u00e9s par un travail plus supportable. Un entrepreneur franco-philippin, venu de Manille, \u00e9voque les 35\u00a0heures en France. Rire dans la salle. Jonas Prising d\u00e9molit ce dispositif qui n&rsquo;a permis, selon lui, d&rsquo;atteindre aucun de ses objectifs. Sa conclusion\u00a0? \u00ab\u00a0Un \u00e9chec cuisant\u00a0\u00bb. Pas si facile, finalement.<\/p>\n<h3 class=\"sc-14kwckt-2 iybLuj sc-14kwckt-6 sc-12m61ps-0 lnDKCl\">Les absents ont toujours tort<\/h3>\n<p class=\"sc-14kwckt-6 hZbEGn\">L&rsquo;histoire a fait grand bruit. Depuis la chute de l&rsquo;Union sovi\u00e9tique, la F\u00e9d\u00e9ration de Russie louait chaque ann\u00e9e un vaste b\u00e2timent en plein centre de Davos pour y installer sa vitrine, \u00ab\u00a0Russia House\u00a0\u00bb et faire la promotion d&rsquo;une Russie ouverte au capitalisme. Lorsque la direction du Forum a d\u00e9cid\u00e9 de ne pas inviter de Russes, le milliardaire ukrainien Victor Pinchuk, un familier du Forum, s&rsquo;est pr\u00e9cipit\u00e9 pour louer l&rsquo;endroit et le rebaptiser \u00ab\u00a0Russia War Crimes House\u00a0\u00bb. Des milliers de participants ont d\u00e9fil\u00e9 dans ce b\u00e2timent o\u00f9 \u00e9taient expos\u00e9es des images insoutenables du conflit. Intervenant en vid\u00e9o, le pr\u00e9sident ukrainien, Volodymyr Zelensky, a enfonc\u00e9 le clou\u00a0: \u00ab\u00a0Il faut aller au-del\u00e0 de l&#8217;embargo. Coupez vos liens avec l&rsquo;agresseur, vos marques ne doivent pas \u00eatre associ\u00e9es \u00e0 des crimes de guerre.\u00a0\u00bb L&rsquo;intervention a \u00e9t\u00e9 salu\u00e9e par une ovation debout.<\/p>\n<div class=\"sc-1r87fjh-0 cfVJSv post-paywall\" data-testid=\"post-description\">\n<p class=\"sc-14kwckt-6 hZbEGn\">Tr\u00e8s largement absents pour une autre raison,\u00a0<a class=\"sc-zhefrs-0 fRQrdK\" href=\"https:\/\/www.lesechos.fr\/monde\/chine\/chine-la-politique-zero-covid-sape-la-consommation-et-propulse-le-chomage-1407192\">la politique du z\u00e9ro Covid,<\/a>\u00a0\u00ab\u00a0pire d\u00e9cision de Xi Jinping\u00a0\u00bb selon George Soros, les Chinois ont laiss\u00e9 la place aux Indiens, venus en force. Dans la tech, les Infosys, Wipro ou HCL Technologies rivalisent avec les Google, Meta ou Intel. Et les dirigeants de plusieurs grands Etats indiens, Tamil Nadu (67\u00a0millions d&rsquo;habitants), Andhra Pradesh (50\u00a0millions), Karnataka (64\u00a0millions) &#8211; chacun de la taille d&rsquo;un grand pays europ\u00e9en &#8211; \u00e9taient tous pr\u00e9sents.<\/p>\n<p class=\"sc-14kwckt-6 hZbEGn\">\u00ab\u00a0L&rsquo;Inde conna\u00eetra probablement la plus forte croissance des grandes \u00e9conomies cette ann\u00e9e\u00a0\u00bb, a estim\u00e9 Salil Parekh, le patron d&rsquo;Infosys. Un optimisme qui contraste avec les perspectives chinoises.\u00a0<a class=\"sc-zhefrs-0 fRQrdK\" href=\"https:\/\/www.lesechos.fr\/monde\/chine\/en-chine-linquietant-coup-de-frein-des-exportations-1405731\">P\u00e9kin annonce officiellement 5,5 % de croissance,<\/a>\u00a0le FMI pr\u00e9voit un point de moins, mais les rares Chinois pr\u00e9sents \u00e0 Davos sont plus circonspects. \u00ab\u00a0Nous serons plut\u00f4t proches de notre croissance de 2020\u00a0\u00bb, a l\u00e2ch\u00e9 l&rsquo;un d&rsquo;eux. Soit 2,3\u00a0%.<\/p>\n<h3 class=\"sc-14kwckt-2 iybLuj sc-14kwckt-6 sc-12m61ps-0 lnDKCl\">Le coup d&rsquo;\u00e9clat d&rsquo;Albert Bourla<\/h3>\n<p class=\"sc-14kwckt-6 hZbEGn\">Le patron de Pfizer,\u00a0<a class=\"sc-zhefrs-0 fRQrdK\" href=\"https:\/\/www.lesechos.fr\/idees-debats\/livres\/neuf-mois-pour-sortir-un-vaccin-covid-le-recit-dun-exploit-scientifique-1408664\">Albert Bourla,<\/a>\u00a0n&rsquo;est pas mont\u00e9 \u00e0 Davos les mains vides. Il a profit\u00e9 de l&rsquo;occasion pour frapper un grand coup en annon\u00e7ant que son groupe allait mettre \u00e0 la disposition des 45 pays\u00a0<a class=\"sc-zhefrs-0 fRQrdK\" href=\"https:\/\/www.lesechos.fr\/monde\/enjeux-internationaux\/vaccination-contre-le-covid-les-pays-a-faible-revenus-encore-sous-vaccines-1399558\">les plus pauvres de la plan\u00e8te<\/a>\u00a0tous les m\u00e9dicaments sous licence, actuels et futurs, que son groupe fabrique.<\/p>\n<p class=\"sc-14kwckt-6 hZbEGn\">\u00ab\u00a0Nous fournirons tous ces m\u00e9dicaments au co\u00fbt de leur fabrication, hors frais de recherche. Cela concerne 1,2\u00a0milliard de personnes\u00a0\u00bb, a-t-il insist\u00e9. D&rsquo;autres grands laboratoires pharmaceutiques pourraient suivre. \u00ab\u00a0J&rsquo;en suis certain, j&rsquo;ai parl\u00e9 \u00e0 plusieurs dirigeants\u00a0\u00bb, ajoute-t-il.<\/p>\n<p class=\"sc-14kwckt-6 hZbEGn\">Le patron du labo am\u00e9ricain s&rsquo;est aussi montr\u00e9 optimiste sur les promesses de la technologie de l&rsquo;ARN messager. \u00ab\u00a0Nous travaillons sur un vaccin unique pour le Covid et la grippe, mais une deuxi\u00e8me vague d&rsquo;innovations arrive dans le traitement des cancers et une troisi\u00e8me s&rsquo;annonce dans les maladies g\u00e9n\u00e9tiques\u00a0\u00bb, dit-il. Quant aux risques d&rsquo;une nouvelle pand\u00e9mie\u00a0? \u00ab\u00a0Il faut s&rsquo;y pr\u00e9parer sans peur. La science va triompher. Le probl\u00e8me, c&rsquo;est plut\u00f4t de faire en sorte que tout le monde ait acc\u00e8s \u00e0 l&rsquo;innovation. Nous en sommes encore tr\u00e8s loin.\u00a0\u00bb<\/p>\n<\/div>\n<p class=\"sc-14kwckt-6 sc-1ohdft1-0 bnXSSk iGA-djk\">Nicolas Barr\u00e9 et Jean-Marc Vittori (Envoy\u00e9s sp\u00e9ciaux \u00e0 Davos (Suisse))<\/p>\n<p>Lire l&rsquo;article sur le site des Echos<\/p>\n<p>https:\/\/www.lesechos.fr\/monde\/enjeux-internationaux\/le-davos-dun-monde-fragmente-1409563<\/p>\n<\/div>\n<p>&nbsp;<\/p>","protected":false},"excerpt":{"rendered":"<p>Le Forum \u00e9conomique mondial se r\u00e9unissait \u00e0 Davos pour la premi\u00e8re fois depuis plus de deux ans, sans les Russes et les Chinois. La guerre en Ukraine et ses cons\u00e9quences<\/p>\n","protected":false},"author":3,"featured_media":15007,"comment_status":"closed","ping_status":"closed","sticky":false,"template":"","format":"standard","meta":{"footnotes":""},"categories":[23],"tags":[153],"class_list":["post-15377","post","type-post","status-publish","format-standard","has-post-thumbnail","hentry","category-news-room","tag-153"],"_links":{"self":[{"href":"https:\/\/www.worldpolicyconference.com\/fr\/wp-json\/wp\/v2\/posts\/15377","targetHints":{"allow":["GET"]}}],"collection":[{"href":"https:\/\/www.worldpolicyconference.com\/fr\/wp-json\/wp\/v2\/posts"}],"about":[{"href":"https:\/\/www.worldpolicyconference.com\/fr\/wp-json\/wp\/v2\/types\/post"}],"author":[{"embeddable":true,"href":"https:\/\/www.worldpolicyconference.com\/fr\/wp-json\/wp\/v2\/users\/3"}],"replies":[{"embeddable":true,"href":"https:\/\/www.worldpolicyconference.com\/fr\/wp-json\/wp\/v2\/comments?post=15377"}],"version-history":[{"count":0,"href":"https:\/\/www.worldpolicyconference.com\/fr\/wp-json\/wp\/v2\/posts\/15377\/revisions"}],"wp:featuredmedia":[{"embeddable":true,"href":"https:\/\/www.worldpolicyconference.com\/fr\/wp-json\/wp\/v2\/media\/15007"}],"wp:attachment":[{"href":"https:\/\/www.worldpolicyconference.com\/fr\/wp-json\/wp\/v2\/media?parent=15377"}],"wp:term":[{"taxonomy":"category","embeddable":true,"href":"https:\/\/www.worldpolicyconference.com\/fr\/wp-json\/wp\/v2\/categories?post=15377"},{"taxonomy":"post_tag","embeddable":true,"href":"https:\/\/www.worldpolicyconference.com\/fr\/wp-json\/wp\/v2\/tags?post=15377"}],"curies":[{"name":"wp","href":"https:\/\/api.w.org\/{rel}","templated":true}]}}