{"id":15398,"date":"2022-06-09T10:27:07","date_gmt":"2022-06-09T09:27:07","guid":{"rendered":"https:\/\/www.worldpolicyconference.com\/?p=15398"},"modified":"2022-06-09T10:27:07","modified_gmt":"2022-06-09T09:27:07","slug":"le-moment-est-venu-de-devenir-serieux-en-matiere-de-defense-europeenne","status":"publish","type":"post","link":"https:\/\/www.worldpolicyconference.com\/fr\/le-moment-est-venu-de-devenir-serieux-en-matiere-de-defense-europeenne\/","title":{"rendered":"\u00ab Le moment est venu de devenir s\u00e9rieux en mati\u00e8re de d\u00e9fense europ\u00e9enne \u00bb"},"content":{"rendered":"<p>Dans une tribune au \u00ab\u00a0Monde\u00a0\u00bb, Josep Borrell, le haut repr\u00e9sentant de l\u2019Union europ\u00e9enne pour les affaires \u00e9trang\u00e8res, souligne que les Vingt-Sept doivent d\u00e9penser plus pour leur s\u00e9curit\u00e9 et le faire ensemble. La volont\u00e9 politique a fait d\u00e9faut jusqu\u2019ici.<\/p>\n<p class=\"article__paragraph \"><span class=\"article__inner\">L<\/span>a guerre de la Russie contre l\u2019Ukraine a oblig\u00e9 l\u2019Union europ\u00e9enne \u00e0 relever des d\u00e9fis strat\u00e9giques connus de longue date. Notre t\u00e2che la plus imm\u00e9diate consiste \u00e0 mettre fin \u00e0 la d\u00e9pendance de l\u2019Europe \u00e0 l\u2019\u00e9gard des importations \u00e9nerg\u00e9tiques russes, et ce processus est d\u00e9sormais en cours, avec en particulier un embargo p\u00e9trolier progressif qui concernera 90\u00a0% des importations russes \u00e0 la fin de l\u2019ann\u00e9e.<\/p>\n<p class=\"article__paragraph \">Plus largement, l\u2019Europe doit aussi d\u00e9velopper une politique de s\u00e9curit\u00e9 et de d\u00e9fense efficace, ainsi que les capacit\u00e9s n\u00e9cessaires pour la mettre en \u0153uvre. Cette ambition n\u2019est pas nouvelle, mais elle b\u00e9n\u00e9ficie d\u2019un nouvel \u00e9lan. La guerre d\u00e9clench\u00e9e par la Russie montre clairement que nous devons franchir une \u00e9tape vers une plus grande mise en commun des investissements en mati\u00e8re de d\u00e9fense. C\u2019\u00e9tait la principale conclusion de la discussion sur la d\u00e9fense lors du Conseil europ\u00e9en qui s\u2019est tenu cette semaine.<\/p>\n<p class=\"article__paragraph \">Tous les probl\u00e8mes politiques diff\u00e8rent les uns des autres. Parfois, un d\u00e9fi semble si nouveau et d\u00e9pourvu de pr\u00e9c\u00e9dent qu\u2019il ne peut \u00eatre relev\u00e9 qu\u2019apr\u00e8s avoir proc\u00e9d\u00e9 \u00e0 l\u2019\u00e9valuation du paysage modifi\u00e9. Parfois, les solutions sont connues, mais ce sont les ressources pour les mettre en \u0153uvre qui font d\u00e9faut. Le d\u00e9bat sur la s\u00e9curit\u00e9 et la d\u00e9fense europ\u00e9ennes rel\u00e8ve d\u2019une troisi\u00e8me cat\u00e9gorie\u00a0: le diagnostic et les solutions sont clairs, mais c\u2019est la volont\u00e9 politique qui a fait d\u00e9faut jusqu\u2019ici.<\/p>\n<p class=\"article__paragraph \">Nous savons depuis des ann\u00e9es \u2013 voire des d\u00e9cennies \u2013 que les gouvernements europ\u00e9ens ne consacrent pas assez d\u2019argent \u00e0 leur d\u00e9fense, et qu\u2019ils le font de mani\u00e8re trop fragment\u00e9e. Il en r\u00e9sulte que nous ne disposons pas des capacit\u00e9s militaires n\u00e9cessaires pour garantir notre propre s\u00e9curit\u00e9 ou pour \u00eatre un partenaire efficace au sein de l\u2019OTAN. Nous devons d\u00e9penser davantage, et nous devons le faire ensemble.<\/p>\n<h2 class=\"article__sub-title\">Achats nationaux privil\u00e9gi\u00e9s<\/h2>\n<p class=\"article__paragraph \">Au fil des ann\u00e9es, de nombreux dirigeants politiques, institutions, ministres de la d\u00e9fense, groupes de r\u00e9flexion et autres acteurs europ\u00e9ens ont rendu publics des rapports et des propositions appelant \u00e0 augmenter et \u00e0 am\u00e9liorer nos d\u00e9penses de d\u00e9fense. Ces exhortations ont refl\u00e9t\u00e9 un consensus massif parmi les experts de la question.<\/p>\n<p>&nbsp;<\/p>\n<p>Lire la tribune dans son int\u00e9gralit\u00e9 sur le site du <a href=\"https:\/\/www.lemonde.fr\/idees\/article\/2022\/06\/08\/josep-borrell-le-moment-est-venu-de-devenir-serieux-en-matiere-de-defense-europeenne_6129315_3232.html\">Monde<\/a>.<\/p>\n","protected":false},"excerpt":{"rendered":"<p>Dans une tribune au \u00ab\u00a0Monde\u00a0\u00bb, Josep Borrell, le haut repr\u00e9sentant de l\u2019Union europ\u00e9enne pour les affaires \u00e9trang\u00e8res, souligne que les Vingt-Sept doivent d\u00e9penser plus pour leur s\u00e9curit\u00e9 et le faire<\/p>\n","protected":false},"author":3,"featured_media":14930,"comment_status":"closed","ping_status":"closed","sticky":false,"template":"","format":"standard","meta":{"footnotes":""},"categories":[23],"tags":[153],"class_list":["post-15398","post","type-post","status-publish","format-standard","has-post-thumbnail","hentry","category-news-room","tag-153"],"_links":{"self":[{"href":"https:\/\/www.worldpolicyconference.com\/fr\/wp-json\/wp\/v2\/posts\/15398","targetHints":{"allow":["GET"]}}],"collection":[{"href":"https:\/\/www.worldpolicyconference.com\/fr\/wp-json\/wp\/v2\/posts"}],"about":[{"href":"https:\/\/www.worldpolicyconference.com\/fr\/wp-json\/wp\/v2\/types\/post"}],"author":[{"embeddable":true,"href":"https:\/\/www.worldpolicyconference.com\/fr\/wp-json\/wp\/v2\/users\/3"}],"replies":[{"embeddable":true,"href":"https:\/\/www.worldpolicyconference.com\/fr\/wp-json\/wp\/v2\/comments?post=15398"}],"version-history":[{"count":0,"href":"https:\/\/www.worldpolicyconference.com\/fr\/wp-json\/wp\/v2\/posts\/15398\/revisions"}],"wp:featuredmedia":[{"embeddable":true,"href":"https:\/\/www.worldpolicyconference.com\/fr\/wp-json\/wp\/v2\/media\/14930"}],"wp:attachment":[{"href":"https:\/\/www.worldpolicyconference.com\/fr\/wp-json\/wp\/v2\/media?parent=15398"}],"wp:term":[{"taxonomy":"category","embeddable":true,"href":"https:\/\/www.worldpolicyconference.com\/fr\/wp-json\/wp\/v2\/categories?post=15398"},{"taxonomy":"post_tag","embeddable":true,"href":"https:\/\/www.worldpolicyconference.com\/fr\/wp-json\/wp\/v2\/tags?post=15398"}],"curies":[{"name":"wp","href":"https:\/\/api.w.org\/{rel}","templated":true}]}}