{"id":1545,"date":"2014-05-12T12:19:40","date_gmt":"2014-05-12T11:19:40","guid":{"rendered":"http:\/\/www.worldpolicyconference.com\/alain-destexhe\/"},"modified":"2018-05-04T11:39:50","modified_gmt":"2018-05-04T10:39:50","slug":"alain-destexhe","status":"publish","type":"post","link":"https:\/\/www.worldpolicyconference.com\/fr\/alain-destexhe\/","title":{"rendered":"Alain Destexhe"},"content":{"rendered":"<p><\/p>\n<p style=\"text-align: justify;\">D\u00e9put\u00e9 belge, Vice-pr\u00e9sident du R\u00e9seau Parlementaire sur la Banque Mondiale et le Fonds Mon\u00e9taire International et Coordinateur politique de l&rsquo;AWEPA (Association de Parlementaires Europ\u00e9ens pour l&rsquo;Afrique) pour la R\u00e9gion des Grands Lacs en Afrique. Il a \u00e9t\u00e9 S\u00e9nateur (1995-2010) et Pr\u00e9sident du R\u00e9seau Parlementaire sur la Banque Mondiale et le Fonds Mon\u00e9taire International (2010-2013). Il a \u00e9galement \u00e9t\u00e9 Pr\u00e9sident de l&rsquo;International Crisis Group, Secr\u00e9taire G\u00e9n\u00e9ral de M\u00e9decins Sans Fronti\u00e8re International, et Pr\u00e9sident de Parliamentarians for Global Action. Il est l\u2019auteur de nombreux livres et articles.<\/p>\n<p><\/p>","protected":false},"excerpt":{"rendered":"<p>D\u00e9put\u00e9 belge, Vice-pr\u00e9sident du R\u00e9seau Parlementaire sur la Banque Mondiale et le Fonds Mon\u00e9taire International et Coordinateur politique de l&rsquo;AWEPA (Association de Parlementaires Europ\u00e9ens pour l&rsquo;Afrique) pour la R\u00e9gion des<\/p>\n","protected":false},"author":1,"featured_media":9669,"comment_status":"closed","ping_status":"open","sticky":false,"template":"","format":"standard","meta":{"footnotes":""},"categories":[8],"tags":[],"class_list":["post-1545","post","type-post","status-publish","format-standard","has-post-thumbnail","hentry","category-invited-guests"],"_links":{"self":[{"href":"https:\/\/www.worldpolicyconference.com\/fr\/wp-json\/wp\/v2\/posts\/1545","targetHints":{"allow":["GET"]}}],"collection":[{"href":"https:\/\/www.worldpolicyconference.com\/fr\/wp-json\/wp\/v2\/posts"}],"about":[{"href":"https:\/\/www.worldpolicyconference.com\/fr\/wp-json\/wp\/v2\/types\/post"}],"author":[{"embeddable":true,"href":"https:\/\/www.worldpolicyconference.com\/fr\/wp-json\/wp\/v2\/users\/1"}],"replies":[{"embeddable":true,"href":"https:\/\/www.worldpolicyconference.com\/fr\/wp-json\/wp\/v2\/comments?post=1545"}],"version-history":[{"count":0,"href":"https:\/\/www.worldpolicyconference.com\/fr\/wp-json\/wp\/v2\/posts\/1545\/revisions"}],"wp:featuredmedia":[{"embeddable":true,"href":"https:\/\/www.worldpolicyconference.com\/fr\/wp-json\/wp\/v2\/media\/9669"}],"wp:attachment":[{"href":"https:\/\/www.worldpolicyconference.com\/fr\/wp-json\/wp\/v2\/media?parent=1545"}],"wp:term":[{"taxonomy":"category","embeddable":true,"href":"https:\/\/www.worldpolicyconference.com\/fr\/wp-json\/wp\/v2\/categories?post=1545"},{"taxonomy":"post_tag","embeddable":true,"href":"https:\/\/www.worldpolicyconference.com\/fr\/wp-json\/wp\/v2\/tags?post=1545"}],"curies":[{"name":"wp","href":"https:\/\/api.w.org\/{rel}","templated":true}]}}