{"id":15465,"date":"2022-06-23T15:03:59","date_gmt":"2022-06-23T14:03:59","guid":{"rendered":"https:\/\/www.worldpolicyconference.com\/?p=15465"},"modified":"2022-06-23T15:03:59","modified_gmt":"2022-06-23T14:03:59","slug":"la-france-perd-sa-bataille-contre-lobesite","status":"publish","type":"post","link":"https:\/\/www.worldpolicyconference.com\/fr\/la-france-perd-sa-bataille-contre-lobesite\/","title":{"rendered":"La France perd sa bataille contre l\u2019ob\u00e9sit\u00e9"},"content":{"rendered":"<h2 class=\"Description H2\">CHRONIQUE. Un rapport de l\u2019OMS pointe la progression du surpoids en Europe. Or notre pays est \u00e0 la tra\u00eene face \u00e0 ce fl\u00e9au\u00a0contre lequel\u00a0il faut agir t\u00f4t.<\/h2>\n<figure class=\"FirstMedia \">\n<div class=\"Figure\">\n<div class=\"Figure\">\n<div class=\"image-wrap panoramique bg-undefined\"><img fetchpriority=\"high\" decoding=\"async\" class=\"\" title=\"Le surpoids et l'obesite, des tendances a la hausse en Europe. \" src=\"https:\/\/static.lpnt.fr\/images\/2022\/06\/22\/23336301lpw-23337818-article-jpg_8843776_660x287.jpg\" alt=\"Le surpoids et l'obesite, des tendances a la hausse en Europe. \" width=\"660\" height=\"287\" \/><\/div>\n<\/div>\n<\/div><figcaption class=\"Figcaption\"><span class=\"description\">Le surpoids et l&rsquo;ob\u00e9sit\u00e9, des\u00a0tendances \u00e0 la hausse en Europe.<\/span>\u00a9 Jean-Fran\u00e7ois FREY \/ MAXPPP \/ PHOTOPQR\/L&rsquo;ALSACE\/MAXPPP<\/figcaption><\/figure>\n<p><span class=\"Signature\"><span class=\"SignatureAuthor\"><span class=\"SigatureAuthorNames\">Par\u00a0Jean de Kervasdou\u00e9<\/span><\/span><\/span><\/p>\n<p><span class=\"dflt-txt__lettrine\">L<\/span>a branche europ\u00e9enne de l&rsquo;Organisation mondiale de la sant\u00e9\u00a0(OMS\u00a0Europe) vient de publier\u00a0un rapport aussi document\u00e9 qu&rsquo;inqui\u00e9tant. Il traite de l&rsquo;\u00e9volution croissante du surpoids et de l&rsquo;ob\u00e9sit\u00e9 dans les pays europ\u00e9ens et en souligne les tr\u00e8s f\u00e2cheuses cons\u00e9quences. En la mati\u00e8re, l&rsquo;id\u00e9e que la\u00a0France\u00a0se faisait jusque-l\u00e0 d&rsquo;elle-m\u00eame n&rsquo;est plus fond\u00e9e, tant l&rsquo;\u00e9pid\u00e9mie se d\u00e9veloppe \u00e0 tous les \u00e2ges, et notamment chez les jeunes. Pour le constater, il suffit d&rsquo;ailleurs d&rsquo;ouvrir les yeux, notamment dans les quartiers pauvres de nos grandes villes.<\/p>\n<p>L&rsquo;ob\u00e9sit\u00e9 est \u00e0 la fois une maladie et un facteur d&rsquo;aggravation de nombreuses autres affections.<\/p>\n<aside id=\"article-reserve-aux-abonnes\" class=\"Paywall paywall-poool\">\n<div id=\"poool-widget\">Lire l&rsquo;article complet sur le site du <a href=\"https:\/\/www.lepoint.fr\/sante\/kervasdoue-la-france-perd-sa-bataille-contre-l-obesite-22-06-2022-2480638_40.php\">Point<\/a>.<\/div>\n<\/aside>\n","protected":false},"excerpt":{"rendered":"<p>CHRONIQUE. Un rapport de l\u2019OMS pointe la progression du surpoids en Europe. Or notre pays est \u00e0 la tra\u00eene face \u00e0 ce fl\u00e9au\u00a0contre lequel\u00a0il faut agir t\u00f4t. Le surpoids et<\/p>\n","protected":false},"author":3,"featured_media":15173,"comment_status":"closed","ping_status":"closed","sticky":false,"template":"","format":"standard","meta":{"footnotes":""},"categories":[23],"tags":[153],"class_list":["post-15465","post","type-post","status-publish","format-standard","has-post-thumbnail","hentry","category-news-room","tag-153"],"_links":{"self":[{"href":"https:\/\/www.worldpolicyconference.com\/fr\/wp-json\/wp\/v2\/posts\/15465","targetHints":{"allow":["GET"]}}],"collection":[{"href":"https:\/\/www.worldpolicyconference.com\/fr\/wp-json\/wp\/v2\/posts"}],"about":[{"href":"https:\/\/www.worldpolicyconference.com\/fr\/wp-json\/wp\/v2\/types\/post"}],"author":[{"embeddable":true,"href":"https:\/\/www.worldpolicyconference.com\/fr\/wp-json\/wp\/v2\/users\/3"}],"replies":[{"embeddable":true,"href":"https:\/\/www.worldpolicyconference.com\/fr\/wp-json\/wp\/v2\/comments?post=15465"}],"version-history":[{"count":0,"href":"https:\/\/www.worldpolicyconference.com\/fr\/wp-json\/wp\/v2\/posts\/15465\/revisions"}],"wp:featuredmedia":[{"embeddable":true,"href":"https:\/\/www.worldpolicyconference.com\/fr\/wp-json\/wp\/v2\/media\/15173"}],"wp:attachment":[{"href":"https:\/\/www.worldpolicyconference.com\/fr\/wp-json\/wp\/v2\/media?parent=15465"}],"wp:term":[{"taxonomy":"category","embeddable":true,"href":"https:\/\/www.worldpolicyconference.com\/fr\/wp-json\/wp\/v2\/categories?post=15465"},{"taxonomy":"post_tag","embeddable":true,"href":"https:\/\/www.worldpolicyconference.com\/fr\/wp-json\/wp\/v2\/tags?post=15465"}],"curies":[{"name":"wp","href":"https:\/\/api.w.org\/{rel}","templated":true}]}}