{"id":15472,"date":"2022-06-24T15:38:04","date_gmt":"2022-06-24T14:38:04","guid":{"rendered":"https:\/\/www.worldpolicyconference.com\/?p=15472"},"modified":"2022-06-24T15:38:04","modified_gmt":"2022-06-24T14:38:04","slug":"les-risques-de-crise-financiere-ressurgissent-avec-force","status":"publish","type":"post","link":"https:\/\/www.worldpolicyconference.com\/fr\/les-risques-de-crise-financiere-ressurgissent-avec-force\/","title":{"rendered":"\u00ab Les risques de crise financi\u00e8re ressurgissent avec force \u00bb"},"content":{"rendered":"<p>La remont\u00e9e des taux d\u2019int\u00e9r\u00eat \u2013 et la fuite de capitaux qui en d\u00e9coule \u2013 associ\u00e9e \u00e0 la sous-estimation par le syst\u00e8me financier des risques climatique, \u00ab\u00a0cyber\u00a0\u00bb et g\u00e9opolitique fait peser de graves menaces sur l\u2019\u00e9conomie mondiale, alerte, dans une tribune au \u00ab\u00a0Monde\u00a0\u00bb, l\u2019\u00e9conomiste H\u00e9l\u00e8ne Rey.<\/p>\n<p class=\"article__paragraph \"><span class=\"article__inner\">A<\/span>u moment o\u00f9 presque toutes les banques centrales retirent des liquidit\u00e9s de l\u2019\u00e9conomie pour combattre l\u2019inflation, la crainte de crises financi\u00e8res ressurgit avec force. Dans un environnement o\u00f9 les Etats et les secteurs priv\u00e9s sont tr\u00e8s endett\u00e9s et o\u00f9 les prix des actifs sont souvent sur\u00e9valu\u00e9s, le retournement du cycle financier global est \u00e0 craindre. Car, plus le resserrement des politiques mon\u00e9taires est important, plus la cr\u00e9ation de cr\u00e9dit ralentit, et plus les flux de capitaux se tarissent et les primes de risque augmentent, parfois de fa\u00e7on excessive. La R\u00e9serve f\u00e9d\u00e9rale am\u00e9ricaine joue un r\u00f4le particuli\u00e8rement important pour le cycle financier mondial et donne le ton sur les march\u00e9s financiers internationaux\u00a0: lorsqu\u2019elle coupe les liquidit\u00e9s,\u00a0l\u2019aversion au risque augmente et la valeur des actifs risqu\u00e9s (bitcoin, actions,\u00a0etc.) chute.<\/p>\n<p class=\"article__paragraph \">La situation actuelle rappelle dans une certaine mesure la p\u00e9riode pr\u00e9c\u00e9dant la crise de la dette de l\u2019Am\u00e9rique latine des ann\u00e9es 1980, soulignait Richard Portes, professeur \u00e0 la London Business School et fondateur du Centre for Economic Policy Research (CEPR), lors du premier symposium du CEPR \u00e0 Paris, le 2\u00a0juin, o\u00f9 ce r\u00e9seau europ\u00e9en de 1\u00a0600 chercheurs vient d\u2019installer son si\u00e8ge, auparavant situ\u00e9 \u00e0 Londres. La mont\u00e9e des taux et l\u2019augmentation des primes de risque pourraient d\u00e9stabiliser les pays \u00e9mergents en raison des fuites de capitaux et des crises de change. On peut ajouter que les restructurations de dette qui seront probablement n\u00e9cessaires seront bien plus difficiles \u00e0 g\u00e9rer dans un monde o\u00f9 le multilat\u00e9ralisme est moribond et o\u00f9 la Chine est un cr\u00e9diteur important mais n\u2019est pas membre du Club de Paris, l\u2019institution r\u00e9unissant les cr\u00e9anciers publics o\u00f9 se n\u00e9gocient lesdites restructurations.<\/p>\n<section id=\"habillagepub\" class=\"article article--single article--content\">\n<section class=\"zone zone--article  zone--article-premium zone--article-opinion old__zone\">\n<section class=\"article__wrapper article__content--restricted  article__wrapper--premium\">\n<article class=\"article__content  old__article-content-single\">\n<p class=\"article__paragraph \">Au-del\u00e0 des pays \u00e9mergents, certaines \u00e9conomies avanc\u00e9es seront aussi sous pression\u00a0: les risques de fragmentation de la zone euro apparaissent \u00e0 nouveau avec le retrait de liquidit\u00e9s par la Banque centrale europ\u00e9enne (BCE). Il est important que des \u00e9carts de taux entre pays de la zone existent, car ils refl\u00e8tent des risques de cr\u00e9dit h\u00e9t\u00e9rog\u00e8nes, mais la BCE ne peut les laisser diverger car cela signalerait un risque d\u2019\u00e9clatement de la zone euro.<\/p>\n<h2 class=\"article__sub-title\">Les nouveaux \u00ab\u00a0faux actifs s\u00fbrs\u00a0\u00bb<\/h2>\n<p class=\"article__paragraph \">A ces risques traditionnels de premier ordre se greffe une s\u00e9rie de facteurs<strong>\u00a0<\/strong>d\u2019apparition de nouvelles crises. Quand les perceptions des acteurs financiers sur l\u2019activit\u00e9 \u00e9conomique future deviennent plus pessimistes, les actifs pr\u00e9alablement \u00e9tiquet\u00e9s comme s\u00fbrs et utilis\u00e9s comme garantie aupr\u00e8s des d\u00e9biteurs deviennent soudainement douteux, rappelait dans ce m\u00eame symposium du CEPR Stephen Cecchetti, ancien conseiller \u00e9conomique de la Banque des r\u00e8glements internationaux (BRI). Leurs prix peuvent alors chuter et entra\u00eener avec eux une partie du syst\u00e8me financier.<\/p>\n<p>Lire la tribune dans son int\u00e9gralit\u00e9 dans <a href=\"https:\/\/www.lemonde.fr\/idees\/article\/2022\/06\/23\/les-risques-de-crise-financiere-ressurgissent-avec-force_6131672_3232.html\">Le Monde<\/a>.<\/p>\n<\/article>\n<\/section>\n<\/section>\n<\/section>\n","protected":false},"excerpt":{"rendered":"<p>La remont\u00e9e des taux d\u2019int\u00e9r\u00eat \u2013 et la fuite de capitaux qui en d\u00e9coule \u2013 associ\u00e9e \u00e0 la sous-estimation par le syst\u00e8me financier des risques climatique, \u00ab\u00a0cyber\u00a0\u00bb et g\u00e9opolitique fait<\/p>\n","protected":false},"author":3,"featured_media":15282,"comment_status":"closed","ping_status":"closed","sticky":false,"template":"","format":"standard","meta":{"footnotes":""},"categories":[23],"tags":[153],"class_list":["post-15472","post","type-post","status-publish","format-standard","has-post-thumbnail","hentry","category-news-room","tag-153"],"_links":{"self":[{"href":"https:\/\/www.worldpolicyconference.com\/fr\/wp-json\/wp\/v2\/posts\/15472","targetHints":{"allow":["GET"]}}],"collection":[{"href":"https:\/\/www.worldpolicyconference.com\/fr\/wp-json\/wp\/v2\/posts"}],"about":[{"href":"https:\/\/www.worldpolicyconference.com\/fr\/wp-json\/wp\/v2\/types\/post"}],"author":[{"embeddable":true,"href":"https:\/\/www.worldpolicyconference.com\/fr\/wp-json\/wp\/v2\/users\/3"}],"replies":[{"embeddable":true,"href":"https:\/\/www.worldpolicyconference.com\/fr\/wp-json\/wp\/v2\/comments?post=15472"}],"version-history":[{"count":0,"href":"https:\/\/www.worldpolicyconference.com\/fr\/wp-json\/wp\/v2\/posts\/15472\/revisions"}],"wp:featuredmedia":[{"embeddable":true,"href":"https:\/\/www.worldpolicyconference.com\/fr\/wp-json\/wp\/v2\/media\/15282"}],"wp:attachment":[{"href":"https:\/\/www.worldpolicyconference.com\/fr\/wp-json\/wp\/v2\/media?parent=15472"}],"wp:term":[{"taxonomy":"category","embeddable":true,"href":"https:\/\/www.worldpolicyconference.com\/fr\/wp-json\/wp\/v2\/categories?post=15472"},{"taxonomy":"post_tag","embeddable":true,"href":"https:\/\/www.worldpolicyconference.com\/fr\/wp-json\/wp\/v2\/tags?post=15472"}],"curies":[{"name":"wp","href":"https:\/\/api.w.org\/{rel}","templated":true}]}}