{"id":15485,"date":"2022-06-29T16:23:05","date_gmt":"2022-06-29T15:23:05","guid":{"rendered":"https:\/\/www.worldpolicyconference.com\/?p=15485"},"modified":"2022-06-29T16:23:05","modified_gmt":"2022-06-29T15:23:05","slug":"louise-mushikiwabo-rwanda-entre-francophonie-et-commonwealth-retour-sur-une-relation-complexe","status":"publish","type":"post","link":"https:\/\/www.worldpolicyconference.com\/fr\/louise-mushikiwabo-rwanda-entre-francophonie-et-commonwealth-retour-sur-une-relation-complexe\/","title":{"rendered":"Louise Mushikiwabo : \u00ab\u00a0Rwanda : entre Francophonie et Commonwealth, retour sur une relation complexe\u00a0\u00bb"},"content":{"rendered":"<p><\/p>\n<h2 class=\"headline__lead\">Alors que se tient \u00e0 Kigali la r\u00e9union des chefs d\u2019\u00c9tat et de gouvernement du Commonwealth, la Rwandaise Louise Mushikiwabo revient sur les liens compliqu\u00e9s entre l\u2019OIF, qu\u2019elle dirige, et son pendant anglo-saxon.<\/h2>\n<div class=\"article__header\">\n<figure class=\"imgbox\"><img fetchpriority=\"high\" decoding=\"async\" class=\"imgbox__img img-fluid lazyloaded lazy-loaded\" src=\"https:\/\/www.jeuneafrique.com\/medias\/2022\/06\/24\/jad20220624-ass-rwanda-commonwealth-louise-mushikiwabo-1256x628-1656083780.jpg\" alt=\"\" width=\"1256\" height=\"628\" data-src=\"https:\/\/www.jeuneafrique.com\/medias\/2022\/06\/24\/jad20220624-ass-rwanda-commonwealth-louise-mushikiwabo-1256x628-1656083780.jpg\" \/><figcaption class=\"imgbox__caption img-fluid lazyloaded\">Louise Mushikiwabo, secr\u00e9taire g\u00e9n\u00e9rale de l\u2019Organisation internationale de la francophonie. \u00a9 OIF<\/figcaption><\/figure>\n<\/div>\n<div class=\"article__content\">\n<p>Cette semaine, \u00e0 Kigali, une simple photo suffit \u00e0 d\u00e9crire l\u2019importance symbolique de l\u2019\u00e9v\u00e9nement. Align\u00e9s, de gauche \u00e0 droite, la premi\u00e8re dame rwandaise, Jeannette Kagame, le prince de Galles, Charles \u2013 fils a\u00een\u00e9 de la reine \u00c9lisabeth II et pr\u00e9tendant au tr\u00f4ne \u2013, le pr\u00e9sident rwandais Paul Kagame et la duchesse de Cornouailles, Camilla Parker Bowles, seconde \u00e9pouse\u00a0<span id=\"article-engagement-20\">du<\/span>\u00a0prince.<\/p>\n<p>Apr\u00e8s deux reports successifs depuis 2020, pour cause de pand\u00e9mie, cette fois-ci est la bonne. Le sommet du Commonwealth se tient \u00e0 Kigali depuis le 20 juin, et il culminera le 25 juin avec le sommet des chefs d\u2019\u00c9tat et de gouvernement. Le contexte s\u2019annon\u00e7ait pourtant d\u00e9favorable. Car, au cours des derniers jours, le Rwanda s\u2019est retrouv\u00e9 sous le feu crois\u00e9 d\u2019une double pol\u00e9mique de nature \u00e0 entacher l\u2019\u00e9v\u00e9nement.<\/p>\n<p>D\u2019un c\u00f4t\u00e9, l\u2018accord atypique conclu avec le Royaume-Uni en mati\u00e8re d\u2019h\u00e9bergement \u2013 r\u00e9mun\u00e9r\u00e9 \u2013 de migrants refoul\u00e9s\u00a0car consid\u00e9r\u00e9s comme entr\u00e9s ill\u00e9galement sur le territoire britannique. De l\u2019autre,\u00a0le regain de tension dans l\u2019est de la RDC, \u00e0 la suite de l\u2019offensive dans le Kivu du M23,\u00a0<span id=\"article-engagement-60\">un<\/span>\u00a0mouvement rebelle pourtant en sommeil depuis une dizaine d\u2019ann\u00e9es. Au Congo, on voit la main de Kigali derri\u00e8re cet \u00e9ni\u00e8me rebondissement du conflit, ancien, qui s\u00e9vit dans l\u2019est du pays. D\u00e9j\u00e0, la relation entre F\u00e9lix Tshisekedi et son homologue Paul Kagame semble en avoir largement p\u00e2ti, en un temps record, apr\u00e8s un r\u00e9chauffement diplomatique que l\u2019on voulait croire durable.<\/p>\n<p>Louise Mushikiwabo, la secr\u00e9taire g\u00e9n\u00e9rale de l\u2019Organisation internationale de la francophonie (OIF), n\u2019est pas directement concern\u00e9e par ce tumulte. Mais, apr\u00e8s avoir conduit la diplomatie rwandaise entre d\u00e9cembre 2009 et sa nomination \u00e0 la t\u00eate de la Francophonie, en octobre 2018, elle conna\u00eet bien ces diff\u00e9rents dossiers.<\/p>\n<p>Lorsqu\u2019elle est nomm\u00e9e \u00e0 la t\u00eate du minist\u00e8re rwandais des Affaires \u00e9trang\u00e8res et de la Coop\u00e9ration, le 1er d\u00e9cembre 2009, le Rwanda vient d\u2019adh\u00e9rer au Commonwealth un mois plus t\u00f4t. Et\u00a0l\u2019avant-veille de sa nomination, le Rwanda et la France ont annonc\u00e9 officiellement la reprise de leurs relations diplomatiques, apr\u00e8s trois ann\u00e9es\u00a0<span id=\"article-engagement-100\">de<\/span>\u00a0rupture.<\/p>\n<p>Lire l&rsquo;article dans son int\u00e9gralit\u00e9 sur le site de <a href=\"https:\/\/www.jeuneafrique.com\/1356867\/politique\/rwanda-entre-francophonie-et-commonwealth-retour-sur-une-relation-complexe\/\">Jeune Afrique<\/a>.<\/p>\n<\/div>\n<p><\/p>","protected":false},"excerpt":{"rendered":"<p>Alors que se tient \u00e0 Kigali la r\u00e9union des chefs d\u2019\u00c9tat et de gouvernement du Commonwealth, la Rwandaise Louise Mushikiwabo revient sur les liens compliqu\u00e9s entre l\u2019OIF, qu\u2019elle dirige, et<\/p>\n","protected":false},"author":3,"featured_media":15348,"comment_status":"closed","ping_status":"closed","sticky":false,"template":"","format":"standard","meta":{"footnotes":""},"categories":[23],"tags":[153],"class_list":["post-15485","post","type-post","status-publish","format-standard","has-post-thumbnail","hentry","category-news-room","tag-153"],"_links":{"self":[{"href":"https:\/\/www.worldpolicyconference.com\/fr\/wp-json\/wp\/v2\/posts\/15485","targetHints":{"allow":["GET"]}}],"collection":[{"href":"https:\/\/www.worldpolicyconference.com\/fr\/wp-json\/wp\/v2\/posts"}],"about":[{"href":"https:\/\/www.worldpolicyconference.com\/fr\/wp-json\/wp\/v2\/types\/post"}],"author":[{"embeddable":true,"href":"https:\/\/www.worldpolicyconference.com\/fr\/wp-json\/wp\/v2\/users\/3"}],"replies":[{"embeddable":true,"href":"https:\/\/www.worldpolicyconference.com\/fr\/wp-json\/wp\/v2\/comments?post=15485"}],"version-history":[{"count":0,"href":"https:\/\/www.worldpolicyconference.com\/fr\/wp-json\/wp\/v2\/posts\/15485\/revisions"}],"wp:featuredmedia":[{"embeddable":true,"href":"https:\/\/www.worldpolicyconference.com\/fr\/wp-json\/wp\/v2\/media\/15348"}],"wp:attachment":[{"href":"https:\/\/www.worldpolicyconference.com\/fr\/wp-json\/wp\/v2\/media?parent=15485"}],"wp:term":[{"taxonomy":"category","embeddable":true,"href":"https:\/\/www.worldpolicyconference.com\/fr\/wp-json\/wp\/v2\/categories?post=15485"},{"taxonomy":"post_tag","embeddable":true,"href":"https:\/\/www.worldpolicyconference.com\/fr\/wp-json\/wp\/v2\/tags?post=15485"}],"curies":[{"name":"wp","href":"https:\/\/api.w.org\/{rel}","templated":true}]}}