{"id":15538,"date":"2022-07-08T15:04:19","date_gmt":"2022-07-08T14:04:19","guid":{"rendered":"https:\/\/www.worldpolicyconference.com\/?p=15538"},"modified":"2022-07-08T15:04:19","modified_gmt":"2022-07-08T14:04:19","slug":"philippe-chalmin-lassemblee-met-en-place-un-groupe-de-suivi-pour-faire-la-lumiere-sur-les-causes-de-linflation","status":"publish","type":"post","link":"https:\/\/www.worldpolicyconference.com\/fr\/philippe-chalmin-lassemblee-met-en-place-un-groupe-de-suivi-pour-faire-la-lumiere-sur-les-causes-de-linflation\/","title":{"rendered":"Philippe Chalmin : \u00ab\u00a0L&rsquo;assembl\u00e9e met en place un groupe de suivi pour faire la lumi\u00e8re sur les causes de l&rsquo;inflation\u00a0\u00bb"},"content":{"rendered":"<div class=\"clearfix text-formatted field field--name-field-resume field--type-text-long field--label-hidden field__item\">\n<p>Un groupe de suivi de l&rsquo;inflation a \u00e9t\u00e9 mis en place au sein de la commission des affaires \u00e9conomiques de l&rsquo;Assembl\u00e9e nationale. Objectif : faire toute la lumi\u00e8re sur les causes de l&rsquo;inflation, qui a \u00e9t\u00e9 de 4,3 % entre d\u00e9cembre 2021 et juin 2022. Le pr\u00e9sident de\u00a0l\u2019Observatoire de la formation des prix et des marges des produits alimentaires, Philippe Chalmin, \u00e9tait la premi\u00e8re personnalit\u00e9 auditionn\u00e9e, jeudi 7 juillet.<\/p>\n<\/div>\n<div class=\"clearfix text-formatted field field--name-body field--type-text-with-summary field--label-hidden field__item\">\n<p>Quelles sont les causes r\u00e9elles de l&rsquo;inflation ? C&rsquo;est \u00e0 cette question que va tenter de r\u00e9pondre le groupe de suivi de la commission des affaires \u00e9conomiques, dont Guillaume Kasbarian\u00a0(Renaissance) a annonc\u00e9 la cr\u00e9ation ce jeudi matin. \u00ab\u00a0<em>Producteurs, transformateurs et distributeurs commencent \u00e0 s&rsquo;accuser mutuellement<\/em>\u00ab\u00a0, a soulign\u00e9 le pr\u00e9sident de la commission. \u00ab\u00a0<em>Cette situation n&rsquo;est pas saine et m\u00e9rite un \u00e9clairage des repr\u00e9sentants de la Nation.<\/em>\u00a0\u00bb<\/p>\n<p>Les r\u00e9sultats de ces travaux sont attendus pour le d\u00e9but du mois d&rsquo;ao\u00fbt, \u00e0 l&rsquo;issue d&rsquo;un cycle d&rsquo;auditions et de tables rondes. Xavier Albertini (Renaissance) et Aur\u00e9lie Trouv\u00e9 (La France insoumise) ont \u00e9t\u00e9 nomm\u00e9s co-rapporteurs du groupe.\u00a0En parall\u00e8le, la mission d&rsquo;application \u00e0 6 mois de la loi\u00a0Egalim\u00a02 pr\u00e9sentera son rapport.\u00a0\u00ab\u00a0<em>Avec ce dispositif, on aura une vision assez globale du sujet<\/em>\u00ab\u00a0, s&rsquo;est f\u00e9licit\u00e9 Guillaume Kasbarian. Selon l&rsquo;Insee, les prix ont connu une hausse de\u00a0de 4,3 % entre d\u00e9cembre 2021 et juin 2022.<\/p>\n<p>La cr\u00e9ation de ce groupe de suivi intervient dans un contexte particulier : depuis une semaine, plusieurs groupes d&rsquo;opposition ont fait valoir leur volont\u00e9 de demander la cr\u00e9ation d&rsquo;une commission d&rsquo;enqu\u00eate sur le sujet, pour d\u00e9terminer la part que repr\u00e9senterait notamment la sp\u00e9culation dans la hausse des prix.\u00a0Apr\u00e8s\u00a0<a href=\"https:\/\/lafranceinsoumise.fr\/2022\/07\/01\/lancement-dune-commission-denquete-sur-les-causes-de-linflation\/\">LFI<\/a>, le 1er juillet, c&rsquo;est le RN qui s&rsquo;est manifest\u00e9 lundi,\u00a0<a href=\"https:\/\/rassemblementnational.fr\/communiques\/le-groupe-rn-a-depose-une-resolution-demandant-la-creation-dune-commission-denquete-parlementaire-sur-les-causes-reelles-de-linflation-et-les-potentiels-profiteurs-de-la-crise\/\">indiquant avoir d\u00e9pos\u00e9 une r\u00e9solution<\/a>\u00a0avec la m\u00eame volont\u00e9 d&rsquo;investigation. Guillaume Kasbarian a toutefois rappel\u00e9 que la mise en place d&rsquo;une commission d&rsquo;enqu\u00eate ne pourrait pas intervenir avant le mois d&rsquo;octobre, pour des r\u00e9sultats pr\u00e9vus pour le mois d&rsquo;avril 2023. \u00ab\u00a0<em>Mais libre \u00e0 vous d&rsquo;utiliser votre droit de tirage<\/em>\u00ab\u00a0, a pr\u00e9cis\u00e9 le d\u00e9put\u00e9. Contact\u00e9e par LCP, Aur\u00e9lie Trouv\u00e9 a d&rsquo;ailleurs confirm\u00e9 que LFI maintenait sa demande.<\/p>\n<h2>LA GUERRE EN UKRAINE AU CENTRE DES INTERROGATIONS<\/h2>\n<p>Philippe Chalmin, pr\u00e9sident de l\u2019Observatoire de la formation des prix et des marges des produits alimentaires, \u00e9tait auditionn\u00e9 ce matin par la commission. Parmi ses nombreuses interventions, l&rsquo;\u00e9conomiste lib\u00e9ral a quelque peu tordu le cou au r\u00f4le jou\u00e9 par la guerre en Ukraine sur la hausse des prix dans l&rsquo;alimentation. \u00ab\u00a0<em>Il y a une exag\u00e9ration incontestable<\/em>\u00ab\u00a0, a-t-il point\u00e9 ajoutant imm\u00e9diatement\u00a0qu&rsquo;il existait cependant bien une crise alimentaire mondiale, dont les pr\u00e9misses \u00e9taient visibles avant l&rsquo;invasion de l&rsquo;Ukraine par la Russie, et davantage explicable par \u00ab\u00a0<em>l&rsquo;insuffisance des politiques agricoles<\/em>\u00ab\u00a0.<\/p>\n<p class=\"citation\">IL Y A UNE EXAG\u00c9RATION INCONTESTABLE : LIER LA CRISE ALIMENTAIRE MONDIALE \u00c0 LA GUERRE EN UKRAINE.\u00a0<span class=\"signaturecite\">PHILIPPE CHALMIN, PR\u00c9SIDENT DE L\u2019OBSERVATOIRE DE LA FORMATION DES PRIX ET DES MARGES DES PRODUITS ALIMENTAIRES<\/span><\/p>\n<p>Philippe Chalmin a notamment pris l&rsquo;exemple du prix des p\u00e2tes, dont la hausse constat\u00e9e sur un an oscille entre 15 % et 45 % selon les marques. Or, les p\u00e2tes alimentaires sont con\u00e7ues \u00e0 base de bl\u00e9 dur, qui n&rsquo;est pas produit en Ukraine, contrairement au bl\u00e9 tendre. \u00ab\u00a0<em>La\u00a0guerre en Ukraine n&rsquo;a donc aucune incidence sur le prix des nouilles<\/em>\u00ab\u00a0, a r\u00e9sum\u00e9\u00a0le sp\u00e9cialiste des mati\u00e8res premi\u00e8res. Les causes sont \u00e0 rechercher du c\u00f4t\u00e9 du Canada, un des gros producteurs, qui a \u00e9t\u00e9 touch\u00e9 par une s\u00e9v\u00e8re s\u00e9cheresse.<\/p>\n<p>Plus largement, Philippe Chalmin a constat\u00e9 de tr\u00e8s fortes tensions sur les march\u00e9s alimentaires, d\u00e8s 2021, li\u00e9es \u00e0 des ph\u00e9nom\u00e8nes climatiques et au comportement de la Chine. Cette derni\u00e8re a ainsi tripl\u00e9 ses importations en grains par rapport \u00e0 2019. Le conflit ukrainien a donc pu avoir un impact sur certains secteurs d\u00e9j\u00e0 fragilis\u00e9s, comme les ol\u00e9agineux, mais n&rsquo;a pas autant d&rsquo;influence que certains l&rsquo;avancent, y compris concernant les c\u00e9r\u00e9ales, a-t-il assur\u00e9.<\/p>\n<p>Lire l&rsquo;article sur le site de <a href=\"https:\/\/lcp.fr\/actualites\/l-assemblee-met-en-place-un-groupe-de-suivi-pour-faire-la-lumiere-sur-les-causes-de-l\">LCP<\/a>.<\/p>\n<\/div>\n","protected":false},"excerpt":{"rendered":"<p>Un groupe de suivi de l&rsquo;inflation a \u00e9t\u00e9 mis en place au sein de la commission des affaires \u00e9conomiques de l&rsquo;Assembl\u00e9e nationale. Objectif : faire toute la lumi\u00e8re sur les<\/p>\n","protected":false},"author":3,"featured_media":15402,"comment_status":"closed","ping_status":"closed","sticky":false,"template":"","format":"standard","meta":{"footnotes":""},"categories":[23],"tags":[153],"class_list":["post-15538","post","type-post","status-publish","format-standard","has-post-thumbnail","hentry","category-news-room","tag-153"],"_links":{"self":[{"href":"https:\/\/www.worldpolicyconference.com\/fr\/wp-json\/wp\/v2\/posts\/15538","targetHints":{"allow":["GET"]}}],"collection":[{"href":"https:\/\/www.worldpolicyconference.com\/fr\/wp-json\/wp\/v2\/posts"}],"about":[{"href":"https:\/\/www.worldpolicyconference.com\/fr\/wp-json\/wp\/v2\/types\/post"}],"author":[{"embeddable":true,"href":"https:\/\/www.worldpolicyconference.com\/fr\/wp-json\/wp\/v2\/users\/3"}],"replies":[{"embeddable":true,"href":"https:\/\/www.worldpolicyconference.com\/fr\/wp-json\/wp\/v2\/comments?post=15538"}],"version-history":[{"count":0,"href":"https:\/\/www.worldpolicyconference.com\/fr\/wp-json\/wp\/v2\/posts\/15538\/revisions"}],"wp:featuredmedia":[{"embeddable":true,"href":"https:\/\/www.worldpolicyconference.com\/fr\/wp-json\/wp\/v2\/media\/15402"}],"wp:attachment":[{"href":"https:\/\/www.worldpolicyconference.com\/fr\/wp-json\/wp\/v2\/media?parent=15538"}],"wp:term":[{"taxonomy":"category","embeddable":true,"href":"https:\/\/www.worldpolicyconference.com\/fr\/wp-json\/wp\/v2\/categories?post=15538"},{"taxonomy":"post_tag","embeddable":true,"href":"https:\/\/www.worldpolicyconference.com\/fr\/wp-json\/wp\/v2\/tags?post=15538"}],"curies":[{"name":"wp","href":"https:\/\/api.w.org\/{rel}","templated":true}]}}