{"id":15545,"date":"2022-07-13T09:15:31","date_gmt":"2022-07-13T08:15:31","guid":{"rendered":"https:\/\/www.worldpolicyconference.com\/?p=15545"},"modified":"2022-07-13T09:16:34","modified_gmt":"2022-07-13T08:16:34","slug":"renaud-girard-le-moralisme-contreproductif-des-occidentaux","status":"publish","type":"post","link":"https:\/\/www.worldpolicyconference.com\/fr\/renaud-girard-le-moralisme-contreproductif-des-occidentaux\/","title":{"rendered":"Renaud Girard : \u00ab Le moralisme contreproductif des Occidentaux \u00bb"},"content":{"rendered":"<p>Publi\u00e9\u00a0<time datetime=\"2022-07-11T20:35:14+02:00\">le 11\/07\/2022 \u00e0 20:35<\/time><\/p>\n<div class=\"fig-wrapper fig-zone-main fig-heading-article\">\n<figure class=\"fig-media fig-media--type-photo fig-media__content-main\">\n<div class=\"fig-media__container fig-placeholder fig-placeholder--16-9\" style=\"box-sizing: border-box; border: 0px; font-style: inherit; font-variant: inherit; font-weight: inherit; font-stretch: inherit; line-height: inherit; font-family: inherit; font-size: 16px; margin: 0px; padding: 0px; vertical-align: baseline; max-width: 100%; position: relative; cursor: pointer;\" data-module=\"fig-photo\" data-context=\"was @visible\" data-modal-image=\"&lt;img srcset=&quot;https:\/\/i.f1g.fr\/media\/eidos\/1194x804\/2022\/07\/11\/XVM64676f26-013b-11ed-a561-7a39445d008c.jpg, https:\/\/i.f1g.fr\/media\/eidos\/704x704\/2022\/07\/11\/XVM64676f26-013b-11ed-a561-7a39445d008c.jpg, https:\/\/i.f1g.fr\/media\/eidos\/320x395\/2022\/07\/11\/XVM64676f26-013b-11ed-a561-7a39445d008c.jpg&quot; sizes=&quot;(min-width: 64em) 1194px, (min-width: 48em) and (max-width: 63.99em) 704px, 100vw&quot; class=&quot;fig-media-modal__image&quot; alt=&quot;&quot;\/&gt;\" data-modal-image-credit=\"Jean-Christophe MARMARA\/Le Figaro\" aria-label=\"Agrandir l'image\">\n<p><img class=\"fig-media-photo fig-img fig-img--complete\" sizes=\"(min-width: 48em) 704px, 100vw\" srcset=\"https:\/\/i.f1g.fr\/media\/eidos\/414x233_cropupscale\/2022\/07\/11\/XVM64676f26-013b-11ed-a561-7a39445d008c.jpg 414w, https:\/\/i.f1g.fr\/media\/eidos\/704x396_cropupscale\/2022\/07\/11\/XVM64676f26-013b-11ed-a561-7a39445d008c.jpg 704w\" alt=\"\" \/><\/p>\n<div class=\"fig-media__button\"><\/div>\n<\/div><figcaption class=\"fig-media__legend\"><em>Renaud Girard.<span class=\"fig-media__credits\">\u00a0Jean-Christophe MARMARA\/Le Figaro<\/span><\/em><\/figcaption><\/figure>\n<\/div>\n<p class=\"fig-standfirst\">CHRONIQUE &#8211; La le\u00e7on de morale est un instrument diplomatique p\u00e9rim\u00e9 \u00e0 l\u2019\u00e8re num\u00e9rique. Ce qui compte, c\u2019est le\u00a0<i>soft power<\/i>\u00a0d\u00e9crit par Joseph Nye.<\/p>\n<div class=\"fig-content-body\" data-agora-base-url=\"https:\/\/connect.lefigaro.fr\" data-component=\"fig-content-body\" data-context=\"was @visible\" data-id=\"bGVmaWdhcm8uZnJfXzQyOGViZjU0LTAxM2EtMTFlZC1hNTYxLTdhMzk0NDVkMDA4Y19fQXJ0aWNsZQ==\" data-module=\"fig-body\" data-premium=\"true\">\n<p class=\"fig-paragraph\">A l\u2019occasion du bouleversement strat\u00e9gique que constitue la guerre d\u2019Ukraine,\u00a0<a href=\"https:\/\/www.lefigaro.fr\/vox\/monde\/la-question-russe-l-occident-face-a-vladimir-poutine-20220707\" data-fig-type=\"Article\" data-gtm-custom-categorie=\"navigation\" data-gtm-custom-action=\"crossclick\" data-gtm-custom-label=\"Contextuel\" data-gtm-event=\"customEventSPE\" data-fig-domain=\"LEFIGARO\">les Occidentaux<\/a>\u00a0commencent \u00e0 comprendre que leurs le\u00e7ons de morale ne sont plus entendues par la majorit\u00e9 des populations de la plan\u00e8te. L\u2019Occident, ce grand bloc de d\u00e9mocraties lib\u00e9rales industrialis\u00e9es (Am\u00e9rique du Nord, Europe, Japon, Cor\u00e9e du Sud, Australie), est seul \u00e0 avoir pris des sanctions contre la Russie, pour la punir de la guerre qu\u2019elle fait \u00e0 l\u2019Ukraine depuis le 24\u00a0f\u00e9vrier 2022.<\/p>\n<p class=\"fig-paragraph\"><span style=\"font-size: 1rem;\">Est-ce \u00e0 dire que les pays d\u2019Afrique, d\u2019Asie et d\u2019Am\u00e9rique latine approuvent l\u2019invasion de l\u2019Ukraine par les forces russes? Non. Car ils sont tr\u00e8s attach\u00e9s \u00e0 la charte des Nations unies, qui sacralise la souverainet\u00e9, l\u2019ind\u00e9pendance et l\u2019int\u00e9grit\u00e9 territoriale de tous ses membres, petits comme grands, jeunes comme anciens. Or l\u2019Ukraine est un pays souverain, reconnu comme tel par les Russes depuis trente ans. Au sommet du G20 des ministres des Affaires \u00e9trang\u00e8res, qui s\u2019est tenu \u00e0 Bali les 7 et 8\u00a0juillet 2022, ces pays extra-occidentaux\u2026<\/span><\/p>\n<div id=\"fig-premium-paywall\" class=\"fig-premium-paywall\" data-js-gtm=\"{&quot;customAction&quot;:&quot;Affichage_Paywall_paywall_auto&quot;,&quot;customCategorie&quot;:&quot;conversion&quot;,&quot;customLabel&quot;:&quot;bGVmaWdhcm8uZnJfXzQyOGViZjU0LTAxM2EtMTFlZC1hNTYxLTdhMzk0NDVkMDA4Y19fQXJ0aWNsZQ==_Renaud Girard: \\u00abLe moralisme contreproductif des Occidentaux\\u00bb_526&quot;,&quot;event&quot;:&quot;customEventSPE&quot;}\" data-module=\"fig-paragraph-with-paywall\" data-context=\"was @visible\"><span style=\"text-decoration: underline;\">Lire l&rsquo;article original sur <\/span><a href=\"https:\/\/www.lefigaro.fr\/vox\/monde\/renaud-girard-le-moralisme-contreproductif-des-occidentaux-20220711\"><span style=\"text-decoration: underline;\">le site du Figaro<\/span><\/a>.<\/div>\n<\/div>\n","protected":false},"excerpt":{"rendered":"<p>Publi\u00e9\u00a0le 11\/07\/2022 \u00e0 20:35 Renaud Girard.\u00a0Jean-Christophe MARMARA\/Le Figaro CHRONIQUE &#8211; La le\u00e7on de morale est un instrument diplomatique p\u00e9rim\u00e9 \u00e0 l\u2019\u00e8re num\u00e9rique. Ce qui compte, c\u2019est le\u00a0soft power\u00a0d\u00e9crit par Joseph<\/p>\n","protected":false},"author":3,"featured_media":13534,"comment_status":"closed","ping_status":"closed","sticky":false,"template":"","format":"standard","meta":{"footnotes":""},"categories":[23],"tags":[153],"class_list":["post-15545","post","type-post","status-publish","format-standard","has-post-thumbnail","hentry","category-news-room","tag-153"],"_links":{"self":[{"href":"https:\/\/www.worldpolicyconference.com\/fr\/wp-json\/wp\/v2\/posts\/15545","targetHints":{"allow":["GET"]}}],"collection":[{"href":"https:\/\/www.worldpolicyconference.com\/fr\/wp-json\/wp\/v2\/posts"}],"about":[{"href":"https:\/\/www.worldpolicyconference.com\/fr\/wp-json\/wp\/v2\/types\/post"}],"author":[{"embeddable":true,"href":"https:\/\/www.worldpolicyconference.com\/fr\/wp-json\/wp\/v2\/users\/3"}],"replies":[{"embeddable":true,"href":"https:\/\/www.worldpolicyconference.com\/fr\/wp-json\/wp\/v2\/comments?post=15545"}],"version-history":[{"count":0,"href":"https:\/\/www.worldpolicyconference.com\/fr\/wp-json\/wp\/v2\/posts\/15545\/revisions"}],"wp:featuredmedia":[{"embeddable":true,"href":"https:\/\/www.worldpolicyconference.com\/fr\/wp-json\/wp\/v2\/media\/13534"}],"wp:attachment":[{"href":"https:\/\/www.worldpolicyconference.com\/fr\/wp-json\/wp\/v2\/media?parent=15545"}],"wp:term":[{"taxonomy":"category","embeddable":true,"href":"https:\/\/www.worldpolicyconference.com\/fr\/wp-json\/wp\/v2\/categories?post=15545"},{"taxonomy":"post_tag","embeddable":true,"href":"https:\/\/www.worldpolicyconference.com\/fr\/wp-json\/wp\/v2\/tags?post=15545"}],"curies":[{"name":"wp","href":"https:\/\/api.w.org\/{rel}","templated":true}]}}