{"id":15548,"date":"2022-07-13T09:23:36","date_gmt":"2022-07-13T08:23:36","guid":{"rendered":"https:\/\/www.worldpolicyconference.com\/?p=15548"},"modified":"2022-07-13T09:26:28","modified_gmt":"2022-07-13T08:26:28","slug":"migrations-et-si-on-revenait-a-la-raison","status":"publish","type":"post","link":"https:\/\/www.worldpolicyconference.com\/fr\/migrations-et-si-on-revenait-a-la-raison\/","title":{"rendered":"Migrations : et si on revenait \u00e0 la raison?"},"content":{"rendered":"<div class=\"row\">\n<div class=\"col-lg-offset-2 col-xs-12 col-md-offset-1 col-md-8 col-lg-7\">\n<p class=\"lead\"><strong>OPINION. L\u2019ancien ministre fran\u00e7ais des Affaires \u00e9trang\u00e8res Hubert V\u00e9drine, propose une cogestion des flux migratoires \u00e9conomiques entre les pays de d\u00e9part, de transit et d\u2019arriv\u00e9e, par la fixation p\u00e9riodique de quotas par m\u00e9tier<\/strong><\/p>\n<figure class=\"picture picture-cover\">\n<div class=\"ratio-responsive\"><picture><source srcset=\"https:\/\/assets.letemps.ch\/sites\/default\/files\/styles\/article_detail_desktop\/public\/media\/2022\/07\/11\/f5e0c86_1657528526803-000-9th66h.jpg?h=b2d9f031&amp;itok=PefG7EOS 1x\" type=\"image\/jpeg\" media=\"all and (min-width: 992px)\" data-srcset=\"https:\/\/assets.letemps.ch\/sites\/default\/files\/styles\/article_detail_desktop\/public\/media\/2022\/07\/11\/f5e0c86_1657528526803-000-9th66h.jpg?h=b2d9f031&amp;itok=PefG7EOS 1x\" \/><source srcset=\"https:\/\/assets.letemps.ch\/sites\/default\/files\/styles\/article_detail_mobile\/public\/media\/2022\/07\/11\/f5e0c86_1657528526803-000-9th66h.jpg?h=b2d9f031&amp;itok=nKffVc7j 1x\" type=\"image\/jpeg\" media=\"(min-width: 0px)\" data-srcset=\"https:\/\/assets.letemps.ch\/sites\/default\/files\/styles\/article_detail_mobile\/public\/media\/2022\/07\/11\/f5e0c86_1657528526803-000-9th66h.jpg?h=b2d9f031&amp;itok=nKffVc7j 1x\" \/><img decoding=\"async\" class=\"picture lazyloaded\" src=\"https:\/\/assets.letemps.ch\/sites\/default\/files\/styles\/article_detail_mobile\/public\/media\/2022\/07\/11\/f5e0c86_1657528526803-000-9th66h.jpg?h=b2d9f031&amp;itok=nKffVc7j\" alt=\"\" data-src=\"https:\/\/assets.letemps.ch\/sites\/default\/files\/styles\/article_detail_mobile\/public\/media\/2022\/07\/11\/f5e0c86_1657528526803-000-9th66h.jpg?h=b2d9f031&amp;itok=nKffVc7j\" \/><\/picture><\/div><figcaption><em>\u00ab L\u2019Europe passoire et l\u2019Europe forteresse sont deux approches absurdes et irresponsables \u00bb, \u00e9crit Hubert V\u00e9drine, ancien ministre fran\u00e7ais des Affaires \u00e9trang\u00e8res. A l&rsquo;image, un camp de migrant sur l&rsquo;\u00eele grecque de Kos, en novembre 2021. \u2014\u00a0<span class=\"picture-copyright\">\u00a9 ARIS MESSINIS \/ AFP<\/span><\/em><\/figcaption><\/figure>\n<\/div>\n<\/div>\n<div class=\"row\">\n<div class=\"col-sm-12 col-lg-6 col-lg-push-2 col-md-7 col-md-push-1\">\n<div class=\"article-content-inset gallery main-content\" data-pswp-uid=\"1\">\n<div class=\"article-infos\">\n<div class=\"authors-list\">\n<aside class=\"author\"><img decoding=\"async\" class=\"media-object img-circle lazyloaded alignleft\" src=\"https:\/\/assets.letemps.ch\/sites\/default\/files\/styles\/thumbnail\/public\/media\/2022\/07\/11\/8023849_1657526438133-vedrine.jpg?itok=5S-yi5a0\" alt=\"Hubert V\u00e9drine\" width=\"85\" height=\"85\" data-src=\"https:\/\/assets.letemps.ch\/sites\/default\/files\/styles\/thumbnail\/public\/media\/2022\/07\/11\/8023849_1657526438133-vedrine.jpg?itok=5S-yi5a0\" \/><\/p>\n<div class=\"info\">\n<div class=\"author-name-locality\"><span class=\"author-profile\"><br \/>\nHubert V\u00e9drine,\u00a0<\/span><span class=\"author-locality\">ancien ministre fran\u00e7ais des Affaires \u00e9trang\u00e8res<\/span><\/div>\n<div><\/div>\n<\/div>\n<\/aside>\n<\/div>\n<div class=\"article-infos-footer\">\n<div class=\"date\">Publi\u00e9 lundi 11 juillet 2022 \u00e0 15:57<br \/>\nModifi\u00e9 mardi 12 juillet 2022 \u00e0 09:07<\/div>\n<\/div>\n<div>\n<div class=\"paywall\"><\/div>\n<\/div>\n<\/div>\n<\/div>\n<\/div>\n<\/div>\n<p>On pourrait \u00e9videmment prendre la question migratoire de fa\u00e7on manich\u00e9enne. Ce serait plus facile! Soit consid\u00e9rer que les pays d\u2019Europe doivent se fermer compl\u00e8tement \u00e0 tous les mouvements migratoires et que les demandeurs d\u2019asile ne sont que des immigrants ill\u00e9gaux \u00e0 refouler de toutes les fa\u00e7ons, et exciter les foules contre ces invasions. Soit, au contraire, consid\u00e9rer que tous les immigrants (rebaptis\u00e9s r\u00e9fugi\u00e9s), m\u00e9ritent de trouver asile, au sens le plus \u00e9largi du terme, dans les diff\u00e9rents pays d\u2019Europe et pourchasser de fa\u00e7on vindicative, par des d\u00e9clarations morales grandiloquentes et des gu\u00e9rillas judiciaires, tous ceux qui n\u2019acceptent pas ce principe d\u2019ouverture g\u00e9n\u00e9ralis\u00e9e.<\/p>\n<p><span style=\"text-decoration: underline;\">Lire l&rsquo;article original sur le site <a href=\"https:\/\/www.letemps.ch\/opinions\/migrations-on-revenait-raison\">Le Temps<\/a><\/span>.<\/p>\n","protected":false},"excerpt":{"rendered":"<p>OPINION. L\u2019ancien ministre fran\u00e7ais des Affaires \u00e9trang\u00e8res Hubert V\u00e9drine, propose une cogestion des flux migratoires \u00e9conomiques entre les pays de d\u00e9part, de transit et d\u2019arriv\u00e9e, par la fixation p\u00e9riodique de<\/p>\n","protected":false},"author":3,"featured_media":13651,"comment_status":"closed","ping_status":"closed","sticky":false,"template":"","format":"standard","meta":{"footnotes":""},"categories":[23],"tags":[153],"class_list":["post-15548","post","type-post","status-publish","format-standard","has-post-thumbnail","hentry","category-news-room","tag-153"],"_links":{"self":[{"href":"https:\/\/www.worldpolicyconference.com\/fr\/wp-json\/wp\/v2\/posts\/15548","targetHints":{"allow":["GET"]}}],"collection":[{"href":"https:\/\/www.worldpolicyconference.com\/fr\/wp-json\/wp\/v2\/posts"}],"about":[{"href":"https:\/\/www.worldpolicyconference.com\/fr\/wp-json\/wp\/v2\/types\/post"}],"author":[{"embeddable":true,"href":"https:\/\/www.worldpolicyconference.com\/fr\/wp-json\/wp\/v2\/users\/3"}],"replies":[{"embeddable":true,"href":"https:\/\/www.worldpolicyconference.com\/fr\/wp-json\/wp\/v2\/comments?post=15548"}],"version-history":[{"count":0,"href":"https:\/\/www.worldpolicyconference.com\/fr\/wp-json\/wp\/v2\/posts\/15548\/revisions"}],"wp:featuredmedia":[{"embeddable":true,"href":"https:\/\/www.worldpolicyconference.com\/fr\/wp-json\/wp\/v2\/media\/13651"}],"wp:attachment":[{"href":"https:\/\/www.worldpolicyconference.com\/fr\/wp-json\/wp\/v2\/media?parent=15548"}],"wp:term":[{"taxonomy":"category","embeddable":true,"href":"https:\/\/www.worldpolicyconference.com\/fr\/wp-json\/wp\/v2\/categories?post=15548"},{"taxonomy":"post_tag","embeddable":true,"href":"https:\/\/www.worldpolicyconference.com\/fr\/wp-json\/wp\/v2\/tags?post=15548"}],"curies":[{"name":"wp","href":"https:\/\/api.w.org\/{rel}","templated":true}]}}