{"id":1557,"date":"2014-05-12T12:23:05","date_gmt":"2014-05-12T11:23:05","guid":{"rendered":"http:\/\/www.worldpolicyconference.com\/catalin-predoiu\/"},"modified":"2026-03-25T17:22:59","modified_gmt":"2026-03-25T16:22:59","slug":"catalin-predoiu","status":"publish","type":"post","link":"https:\/\/www.worldpolicyconference.com\/fr\/catalin-predoiu\/","title":{"rendered":"C\u0103t\u0103lin Predoiu"},"content":{"rendered":"<p><\/p>\n<p style=\"text-align: justify;\"><span style=\"font-weight: 400;\">Vice-Premier ministre et ministre des Affaires int\u00e9rieures de la Roumanie. Figure majeure de la vie institutionnelle roumaine, il s\u2019appuie sur une solide exp\u00e9rience dans les domaines du droit, des politiques publiques et de l\u2019administration de l\u2019\u00c9tat. Dans ses fonctions actuelles, il supervise des domaines essentiels tels que la s\u00e9curit\u00e9 int\u00e9rieure, l\u2019ordre public, la gestion des crises et la protection des citoyens. Son action s\u2019est notamment concentr\u00e9e sur le renforcement des capacit\u00e9s institutionnelles face \u00e0 la criminalit\u00e9 organis\u00e9e, \u00e0 la traite des \u00eatres humains, \u00e0 la migration irr\u00e9guli\u00e8re et aux menaces cybern\u00e9tiques, tout en consolidant la coop\u00e9ration avec les partenaires europ\u00e9ens et transatlantiques. Une part importante de sa carri\u00e8re est \u00e9galement li\u00e9e aux r\u00e9formes de la justice et \u00e0 la consolidation de l\u2019\u00c9tat de droit. Il a contribu\u00e9 \u00e0 la modernisation du syst\u00e8me judiciaire et \u00e0 l\u2019int\u00e9gration europ\u00e9enne de la Roumanie. Dipl\u00f4m\u00e9 de la Facult\u00e9 de droit de l\u2019Universit\u00e9 de Bucarest, o\u00f9 il a \u00e9galement poursuivi des \u00e9tudes doctorales, il a men\u00e9 parall\u00e8lement une activit\u00e9 soutenue dans la pratique du droit et dans le milieu acad\u00e9mique.<\/span><\/p>\n<p><\/p>","protected":false},"excerpt":{"rendered":"<p>Vice-Premier ministre et ministre des Affaires int\u00e9rieures de la Roumanie. Figure majeure de la vie institutionnelle roumaine, il s\u2019appuie sur une solide exp\u00e9rience dans les domaines du droit, des politiques<\/p>\n","protected":false},"author":1,"featured_media":17947,"comment_status":"closed","ping_status":"open","sticky":false,"template":"","format":"standard","meta":{"footnotes":""},"categories":[8],"tags":[10,20,157],"class_list":["post-1557","post","type-post","status-publish","format-standard","has-post-thumbnail","hentry","category-invited-guests","tag-10","tag-20","tag-157"],"_links":{"self":[{"href":"https:\/\/www.worldpolicyconference.com\/fr\/wp-json\/wp\/v2\/posts\/1557","targetHints":{"allow":["GET"]}}],"collection":[{"href":"https:\/\/www.worldpolicyconference.com\/fr\/wp-json\/wp\/v2\/posts"}],"about":[{"href":"https:\/\/www.worldpolicyconference.com\/fr\/wp-json\/wp\/v2\/types\/post"}],"author":[{"embeddable":true,"href":"https:\/\/www.worldpolicyconference.com\/fr\/wp-json\/wp\/v2\/users\/1"}],"replies":[{"embeddable":true,"href":"https:\/\/www.worldpolicyconference.com\/fr\/wp-json\/wp\/v2\/comments?post=1557"}],"version-history":[{"count":0,"href":"https:\/\/www.worldpolicyconference.com\/fr\/wp-json\/wp\/v2\/posts\/1557\/revisions"}],"wp:featuredmedia":[{"embeddable":true,"href":"https:\/\/www.worldpolicyconference.com\/fr\/wp-json\/wp\/v2\/media\/17947"}],"wp:attachment":[{"href":"https:\/\/www.worldpolicyconference.com\/fr\/wp-json\/wp\/v2\/media?parent=1557"}],"wp:term":[{"taxonomy":"category","embeddable":true,"href":"https:\/\/www.worldpolicyconference.com\/fr\/wp-json\/wp\/v2\/categories?post=1557"},{"taxonomy":"post_tag","embeddable":true,"href":"https:\/\/www.worldpolicyconference.com\/fr\/wp-json\/wp\/v2\/tags?post=1557"}],"curies":[{"name":"wp","href":"https:\/\/api.w.org\/{rel}","templated":true}]}}