{"id":15675,"date":"2022-07-27T15:21:28","date_gmt":"2022-07-27T14:21:28","guid":{"rendered":"https:\/\/www.worldpolicyconference.com\/?p=15675"},"modified":"2022-07-27T15:21:28","modified_gmt":"2022-07-27T14:21:28","slug":"louise-mushikiwabo-candidate-a-sa-propre-succession","status":"publish","type":"post","link":"https:\/\/www.worldpolicyconference.com\/fr\/louise-mushikiwabo-candidate-a-sa-propre-succession\/","title":{"rendered":"\u00ab\u00a0Louise Mushikiwabo candidate \u00e0 sa propre succession\u00a0\u00bb"},"content":{"rendered":"<p>Dans un entretien exclusif accord\u00e9 \u00e0 TV5 Monde, la secr\u00e9taire g\u00e9n\u00e9rale de l\u2019Organisation Internationale de la Francophonie (OIF), Louise Mushikiwabo, a annonc\u00e9 qu\u2019elle est candidate \u00e0 sa propre succession.<\/p>\n<p>La Rwandaise Louise Mushikiwabo veut briguer un nouveau mandat \u00e0 la t\u00eate de l\u2019OIF.\u00a0<em>\u00ab\u00a0Je suis candidate pour un nouveau mandat \u00e0 la t\u00eate de la Francophonie\u00a0\u00bb,<\/em>\u00a0a-t-elle annonc\u00e9 au micro de TV5 Monde.<\/p>\n<p>Pour sa premi\u00e8re candidature, la diplomate rwandaise de 61 ans a notamment re\u00e7u l\u2019appui du pr\u00e9sident fran\u00e7ais Emmanuel Macron, d\u00e9sireux de voir la direction de l\u2019OIF revenir \u00e0 un Africain. Elle s\u2019est \u00e9galement vue assurer en juillet du \u00ab\u00a0soutien collectif\u00a0\u00bb des dirigeants de l\u2019Union africaine (UA).<\/p>\n<p>N\u00e9e le 22 mai 1961 \u00e0 Kigali, Louise Mushikiwabo est une femme politique rwandaise. Ministre de l\u2019Information puis des Affaires \u00e9trang\u00e8res du Rwanda de 2009 \u00e0 2018, elle est \u00e9lue secr\u00e9taire g\u00e9n\u00e9rale de l\u2019Organisation internationale de la francophonie en octobre et 2018 est entr\u00e9e en fonction en janvier 2019.<\/p>\n<p>&nbsp;<\/p>\n<p>Lire l&rsquo;article original sur le site de <a href=\"https:\/\/beninwebtv.com\/oif-louise-mushikiwabo-candidate-a-sa-propre-succession\/\">B\u00e9nin Web TV<\/a>.<\/p>\n","protected":false},"excerpt":{"rendered":"<p>Dans un entretien exclusif accord\u00e9 \u00e0 TV5 Monde, la secr\u00e9taire g\u00e9n\u00e9rale de l\u2019Organisation Internationale de la Francophonie (OIF), Louise Mushikiwabo, a annonc\u00e9 qu\u2019elle est candidate \u00e0 sa propre succession. La<\/p>\n","protected":false},"author":3,"featured_media":15348,"comment_status":"closed","ping_status":"closed","sticky":false,"template":"","format":"standard","meta":{"footnotes":""},"categories":[23],"tags":[153],"class_list":["post-15675","post","type-post","status-publish","format-standard","has-post-thumbnail","hentry","category-news-room","tag-153"],"_links":{"self":[{"href":"https:\/\/www.worldpolicyconference.com\/fr\/wp-json\/wp\/v2\/posts\/15675","targetHints":{"allow":["GET"]}}],"collection":[{"href":"https:\/\/www.worldpolicyconference.com\/fr\/wp-json\/wp\/v2\/posts"}],"about":[{"href":"https:\/\/www.worldpolicyconference.com\/fr\/wp-json\/wp\/v2\/types\/post"}],"author":[{"embeddable":true,"href":"https:\/\/www.worldpolicyconference.com\/fr\/wp-json\/wp\/v2\/users\/3"}],"replies":[{"embeddable":true,"href":"https:\/\/www.worldpolicyconference.com\/fr\/wp-json\/wp\/v2\/comments?post=15675"}],"version-history":[{"count":0,"href":"https:\/\/www.worldpolicyconference.com\/fr\/wp-json\/wp\/v2\/posts\/15675\/revisions"}],"wp:featuredmedia":[{"embeddable":true,"href":"https:\/\/www.worldpolicyconference.com\/fr\/wp-json\/wp\/v2\/media\/15348"}],"wp:attachment":[{"href":"https:\/\/www.worldpolicyconference.com\/fr\/wp-json\/wp\/v2\/media?parent=15675"}],"wp:term":[{"taxonomy":"category","embeddable":true,"href":"https:\/\/www.worldpolicyconference.com\/fr\/wp-json\/wp\/v2\/categories?post=15675"},{"taxonomy":"post_tag","embeddable":true,"href":"https:\/\/www.worldpolicyconference.com\/fr\/wp-json\/wp\/v2\/tags?post=15675"}],"curies":[{"name":"wp","href":"https:\/\/api.w.org\/{rel}","templated":true}]}}