{"id":15710,"date":"2022-08-22T15:50:38","date_gmt":"2022-08-22T14:50:38","guid":{"rendered":"https:\/\/www.worldpolicyconference.com\/?p=15710"},"modified":"2022-08-22T15:50:38","modified_gmt":"2022-08-22T14:50:38","slug":"kervasdoue-halte-a-la-grossiere-propagande-antinucleaire","status":"publish","type":"post","link":"https:\/\/www.worldpolicyconference.com\/fr\/kervasdoue-halte-a-la-grossiere-propagande-antinucleaire\/","title":{"rendered":"Kervasdou\u00e9 \u2013 Halte \u00e0 la grossi\u00e8re propagande antinucl\u00e9aire !"},"content":{"rendered":"<h2 class=\"Description H2\">CHRONIQUE. Arte n\u2019avait\u00a0aucune raison valable de diffuser le documentaire militant \u00ab\u00a0Notre ami l\u2019atome \u2013 Un si\u00e8cle de radioactivit\u00e9\u00a0\u00bb le matin du 4\u00a0ao\u00fbt.<\/h2>\n<p><span class=\"dflt-txt__lettrine\">L<\/span>e matin du 4\u00a0ao\u00fbt 2022, peu de t\u00e9l\u00e9spectateurs ont vu le documentaire\u00a0de\u00a02020\u00a0intitul\u00e9\u00a0<em>Notre ami l&rsquo;atome \u2013 Un si\u00e8cle de radioactivit\u00e9\u00a0<\/em>sur\u00a0<a class=\"Link Link--entity\" href=\"https:\/\/www.lepoint.fr\/tags\/arte\">Arte<\/a>*. Il n&rsquo;y avait aucune raison de diffuser ce\u00a0film partisan \u00e0 une heure o\u00f9 l&rsquo;audience serait vraisemblablement infime. Ce n&rsquo;est pas la premi\u00e8re fois qu&rsquo;Arte pr\u00e9sente des films militants qui pr\u00e9tendent \u00e0 l&rsquo;objectivit\u00e9, mais qui ne sont qu&rsquo;une propagande \u00e9hont\u00e9e de l&rsquo;\u00e9cologie politique, antinucl\u00e9aire notamment. Les deux pr\u00e9c\u00e9dents pr\u00e9sidents d&rsquo;Arte \u00e0 qui j&rsquo;en ai parl\u00e9 m&rsquo;ont tous les deux pr\u00e9cis\u00e9 que de tels films, et notamment celui-l\u00e0, \u00e9taient un \u00ab\u00a0choix allemand\u00a0\u00bb.<\/p>\n<p>Lire la suite de l&rsquo;article sur le site Le Point<\/p>\n<p>https:\/\/www.lepoint.fr\/debats\/kervasdoue-halte-a-la-grossiere-propagande-antinucleaire-21-08-2022-2486907_2.php<\/p>\n","protected":false},"excerpt":{"rendered":"<p>CHRONIQUE. Arte n\u2019avait\u00a0aucune raison valable de diffuser le documentaire militant \u00ab\u00a0Notre ami l\u2019atome \u2013 Un si\u00e8cle de radioactivit\u00e9\u00a0\u00bb le matin du 4\u00a0ao\u00fbt. Le matin du 4\u00a0ao\u00fbt 2022, peu de t\u00e9l\u00e9spectateurs<\/p>\n","protected":false},"author":3,"featured_media":15711,"comment_status":"closed","ping_status":"closed","sticky":false,"template":"","format":"standard","meta":{"footnotes":""},"categories":[23],"tags":[153],"class_list":["post-15710","post","type-post","status-publish","format-standard","has-post-thumbnail","hentry","category-news-room","tag-153"],"_links":{"self":[{"href":"https:\/\/www.worldpolicyconference.com\/fr\/wp-json\/wp\/v2\/posts\/15710","targetHints":{"allow":["GET"]}}],"collection":[{"href":"https:\/\/www.worldpolicyconference.com\/fr\/wp-json\/wp\/v2\/posts"}],"about":[{"href":"https:\/\/www.worldpolicyconference.com\/fr\/wp-json\/wp\/v2\/types\/post"}],"author":[{"embeddable":true,"href":"https:\/\/www.worldpolicyconference.com\/fr\/wp-json\/wp\/v2\/users\/3"}],"replies":[{"embeddable":true,"href":"https:\/\/www.worldpolicyconference.com\/fr\/wp-json\/wp\/v2\/comments?post=15710"}],"version-history":[{"count":0,"href":"https:\/\/www.worldpolicyconference.com\/fr\/wp-json\/wp\/v2\/posts\/15710\/revisions"}],"wp:featuredmedia":[{"embeddable":true,"href":"https:\/\/www.worldpolicyconference.com\/fr\/wp-json\/wp\/v2\/media\/15711"}],"wp:attachment":[{"href":"https:\/\/www.worldpolicyconference.com\/fr\/wp-json\/wp\/v2\/media?parent=15710"}],"wp:term":[{"taxonomy":"category","embeddable":true,"href":"https:\/\/www.worldpolicyconference.com\/fr\/wp-json\/wp\/v2\/categories?post=15710"},{"taxonomy":"post_tag","embeddable":true,"href":"https:\/\/www.worldpolicyconference.com\/fr\/wp-json\/wp\/v2\/tags?post=15710"}],"curies":[{"name":"wp","href":"https:\/\/api.w.org\/{rel}","templated":true}]}}