{"id":1575,"date":"2014-05-12T12:29:49","date_gmt":"2014-05-12T11:29:49","guid":{"rendered":"http:\/\/www.worldpolicyconference.com\/carlos-prez-verda\/"},"modified":"2018-05-04T11:54:21","modified_gmt":"2018-05-04T10:54:21","slug":"carlos-prez-verda","status":"publish","type":"post","link":"https:\/\/www.worldpolicyconference.com\/fr\/carlos-prez-verda\/","title":{"rendered":"Carlos P\u00e9rez-Verd\u00eda"},"content":{"rendered":"<p><\/p>\n<p style=\"text-align: justify;\">Directeur de cabinet au minist\u00e8re des Affaires \u00e9trang\u00e8res du Mexique depuis 2013. Auparavant, il \u00e9tait directeur ex\u00e9cutif au Fonds mon\u00e9taire international (FMI) (2010-2012), responsable des op\u00e9rations nationales, Banco de M\u00e9xico (2004-2009) et responsable de l\u2019analyse des op\u00e9rations des banques centrales, Banco de M\u00e9xico (2001-2004). Il a enseign\u00e9 l\u2019\u00e9conomie \u00e0 l\u2019Universit\u00e9 de Chicago et y a \u00e9galement occup\u00e9 des postes de recherche (1994-2000). Il est dipl\u00f4m\u00e9 de la Universidad Iberamericana et il a un doctorat de l\u2019Universit\u00e9 de Chicago.<\/p>\n<p><\/p>","protected":false},"excerpt":{"rendered":"<p>Directeur de cabinet au minist\u00e8re des Affaires \u00e9trang\u00e8res du Mexique depuis 2013. Auparavant, il \u00e9tait directeur ex\u00e9cutif au Fonds mon\u00e9taire international (FMI) (2010-2012), responsable des op\u00e9rations nationales, Banco de M\u00e9xico<\/p>\n","protected":false},"author":1,"featured_media":9679,"comment_status":"closed","ping_status":"open","sticky":false,"template":"","format":"standard","meta":{"footnotes":""},"categories":[8],"tags":[10,19],"class_list":["post-1575","post","type-post","status-publish","format-standard","has-post-thumbnail","hentry","category-invited-guests","tag-10","tag-19"],"_links":{"self":[{"href":"https:\/\/www.worldpolicyconference.com\/fr\/wp-json\/wp\/v2\/posts\/1575","targetHints":{"allow":["GET"]}}],"collection":[{"href":"https:\/\/www.worldpolicyconference.com\/fr\/wp-json\/wp\/v2\/posts"}],"about":[{"href":"https:\/\/www.worldpolicyconference.com\/fr\/wp-json\/wp\/v2\/types\/post"}],"author":[{"embeddable":true,"href":"https:\/\/www.worldpolicyconference.com\/fr\/wp-json\/wp\/v2\/users\/1"}],"replies":[{"embeddable":true,"href":"https:\/\/www.worldpolicyconference.com\/fr\/wp-json\/wp\/v2\/comments?post=1575"}],"version-history":[{"count":0,"href":"https:\/\/www.worldpolicyconference.com\/fr\/wp-json\/wp\/v2\/posts\/1575\/revisions"}],"wp:featuredmedia":[{"embeddable":true,"href":"https:\/\/www.worldpolicyconference.com\/fr\/wp-json\/wp\/v2\/media\/9679"}],"wp:attachment":[{"href":"https:\/\/www.worldpolicyconference.com\/fr\/wp-json\/wp\/v2\/media?parent=1575"}],"wp:term":[{"taxonomy":"category","embeddable":true,"href":"https:\/\/www.worldpolicyconference.com\/fr\/wp-json\/wp\/v2\/categories?post=1575"},{"taxonomy":"post_tag","embeddable":true,"href":"https:\/\/www.worldpolicyconference.com\/fr\/wp-json\/wp\/v2\/tags?post=1575"}],"curies":[{"name":"wp","href":"https:\/\/api.w.org\/{rel}","templated":true}]}}