{"id":15756,"date":"2022-09-05T15:39:38","date_gmt":"2022-09-05T14:39:38","guid":{"rendered":"https:\/\/www.worldpolicyconference.com\/?p=15756"},"modified":"2022-09-05T15:39:38","modified_gmt":"2022-09-05T14:39:38","slug":"olivier-blanchard-inflation-climat-fiscalite-les-verites-de-tirole-et-blanchard","status":"publish","type":"post","link":"https:\/\/www.worldpolicyconference.com\/fr\/olivier-blanchard-inflation-climat-fiscalite-les-verites-de-tirole-et-blanchard\/","title":{"rendered":"Olivier Blanchard : \u00ab\u00a0Inflation, climat, fiscalit\u00e9&#8230; Les v\u00e9rit\u00e9s de Tirole et Blanchard\u00a0\u00bb"},"content":{"rendered":"<header class=\"ArticleHeader\">\n<h2 class=\"Description H2\">ENTRETIEN. Olivier Blanchard et Jean Tirole r\u00e9tablissent quelques v\u00e9rit\u00e9s parfois douloureuses sur l&rsquo;\u00e9tat de l&rsquo;\u00e9conomie mondiale. Instructif.<\/h2>\n<figure class=\"FirstMedia \">\n<div class=\"Figure\">\n<div class=\"Figure\">\n<div class=\"image-wrap undefined bg-undefined\"><\/div>\n<\/div>\n<\/div><figcaption class=\"Figcaption\"><span class=\"description\"><span class=\"dflt-txt dflt-txt--lgnd g-gotham-book glbl-txt-alg-ctr\"><strong>Experts.\u00a0<\/strong>Les \u00e9conomistes Olivier Blanchard et Jean Tirole publient \u00ab\u00a0Les Grands D\u00e9fis \u00e9conomiques\u00a0\u00bb, \u00e0 la suite de leur rapport, remis en 2021\u00a0\u00e0 Emmanuel Macron.<\/span><\/span><\/figcaption><\/figure>\n<p><span class=\"Signature\"><span class=\"SignatureAuthor\"><span class=\"SigatureAuthorNames\">Propos recueillis par B\u00e9atrice Parrino et Marc Vignaud<\/span><\/span><\/span><\/header>\n<header class=\"ArticleHeader\">\n<div><\/div>\n<div class=\"DateAndShareLinks\"><span class=\"Date\">Publi\u00e9 le\u00a0<time class=\"DateTime\" datetime=\"2022-08-31T17:00\">31\/08\/2022 \u00e0 17h00<\/time><\/span><\/div>\n<div><\/div>\n<\/header>\n<div class=\"ArticleBody FontSize--100 like-content Truncate\" data-content-type=\"mainEntityOfPage\" data-sticky=\"top:0px\">\n<p class=\"dflt-txt dflt-txt--no-alinea\"><span class=\"dflt-txt__lettrine\">L<\/span>&lsquo;inflation galope. En juillet,\u00a0les prix en France ont bondi\u00a0de 6,8 % par rapport \u00e0 la m\u00eame \u00e9poque en 2021. La situation est pourtant encore pire dans le reste de la zone euro, o\u00f9 l&rsquo;augmentation des prix a atteint 8,9 % et pr\u00e8s de 10 % dans l&rsquo;Union europ\u00e9enne. Face \u00e0 la valse des \u00e9tiquettes, qui ne serait pas tent\u00e9 par les solutions de facilit\u00e9 propos\u00e9es par l&rsquo;\u00c9tat, comme le blocage des prix, l&rsquo;indexation des salaires ou encore une compensation int\u00e9grale de la perte de pouvoir d&rsquo;achat ?<\/p>\n<p>Lire l&rsquo;entretien entier sur le site du <a href=\"https:\/\/www.lepoint.fr\/economie\/exclusif-inflation-climat-fiscalite-les-verites-de-tirole-et-blanchard-31-08-2022-2488003_28.php\">Point<\/a>.<\/p>\n<\/div>\n","protected":false},"excerpt":{"rendered":"<p>ENTRETIEN. Olivier Blanchard et Jean Tirole r\u00e9tablissent quelques v\u00e9rit\u00e9s parfois douloureuses sur l&rsquo;\u00e9tat de l&rsquo;\u00e9conomie mondiale. Instructif. Experts.\u00a0Les \u00e9conomistes Olivier Blanchard et Jean Tirole publient \u00ab\u00a0Les Grands D\u00e9fis \u00e9conomiques\u00a0\u00bb, \u00e0<\/p>\n","protected":false},"author":3,"featured_media":15757,"comment_status":"closed","ping_status":"closed","sticky":false,"template":"","format":"standard","meta":{"footnotes":""},"categories":[23],"tags":[153],"class_list":["post-15756","post","type-post","status-publish","format-standard","has-post-thumbnail","hentry","category-news-room","tag-153"],"_links":{"self":[{"href":"https:\/\/www.worldpolicyconference.com\/fr\/wp-json\/wp\/v2\/posts\/15756","targetHints":{"allow":["GET"]}}],"collection":[{"href":"https:\/\/www.worldpolicyconference.com\/fr\/wp-json\/wp\/v2\/posts"}],"about":[{"href":"https:\/\/www.worldpolicyconference.com\/fr\/wp-json\/wp\/v2\/types\/post"}],"author":[{"embeddable":true,"href":"https:\/\/www.worldpolicyconference.com\/fr\/wp-json\/wp\/v2\/users\/3"}],"replies":[{"embeddable":true,"href":"https:\/\/www.worldpolicyconference.com\/fr\/wp-json\/wp\/v2\/comments?post=15756"}],"version-history":[{"count":0,"href":"https:\/\/www.worldpolicyconference.com\/fr\/wp-json\/wp\/v2\/posts\/15756\/revisions"}],"wp:featuredmedia":[{"embeddable":true,"href":"https:\/\/www.worldpolicyconference.com\/fr\/wp-json\/wp\/v2\/media\/15757"}],"wp:attachment":[{"href":"https:\/\/www.worldpolicyconference.com\/fr\/wp-json\/wp\/v2\/media?parent=15756"}],"wp:term":[{"taxonomy":"category","embeddable":true,"href":"https:\/\/www.worldpolicyconference.com\/fr\/wp-json\/wp\/v2\/categories?post=15756"},{"taxonomy":"post_tag","embeddable":true,"href":"https:\/\/www.worldpolicyconference.com\/fr\/wp-json\/wp\/v2\/tags?post=15756"}],"curies":[{"name":"wp","href":"https:\/\/api.w.org\/{rel}","templated":true}]}}