{"id":15910,"date":"2022-10-03T11:28:23","date_gmt":"2022-10-03T10:28:23","guid":{"rendered":"https:\/\/www.worldpolicyconference.com\/?p=15910"},"modified":"2022-10-03T11:28:23","modified_gmt":"2022-10-03T10:28:23","slug":"a-prague-de-lechec-confederal-a-la-communaute-politique-europeenne","status":"publish","type":"post","link":"https:\/\/www.worldpolicyconference.com\/fr\/a-prague-de-lechec-confederal-a-la-communaute-politique-europeenne\/","title":{"rendered":"\u00ab \u00c0 Prague, de l\u2019\u00e9chec conf\u00e9d\u00e9ral \u00e0 la Communaut\u00e9 politique europ\u00e9enne \u00bb"},"content":{"rendered":"<p><\/p>\n<p class=\"has-text-align-right\">\u00ab\u00a0\u00a0<em>La g\u00e9opolitique de l\u2019Europe a besoin d\u2019une th\u00e9orie des ensembles\u00a0<\/em>\u00a0\u00bb<\/p>\n<p class=\"has-text-align-right\">Fran\u00e7ois Mitterrand, 1990<span id=\"easy-footnote-1-161191\" class=\"easy-footnote-margin-adjust\"><\/span><span class=\"easy-footnote\"><a title=\"&amp;nbsp;Je fus \u00e9troitement associ\u00e9 par l\u2019\u00e9quipe diplomatique du Pr\u00e9sident Mitterrand \u00e0 la pr\u00e9paration des Assises de Prague sur la Conf\u00e9d\u00e9ration europ\u00e9enne (juin 1991). Le Pr\u00e9sident m\u2019avait ensuite demand\u00e9 en 1993, lors d\u2019un entretien en t\u00eate \u00e0 t\u00eate, de r\u00e9fl\u00e9chir \u00e0 une relance&amp;nbsp;&amp;#160;; il avait insist\u00e9 sur la dimension institutionnelle, plus durable que les concepteurs.\" href=\"https:\/\/legrandcontinent.eu\/fr\/2022\/09\/30\/a-prague-de-lechec-confederal-a-la-communaute-politique-europeenne\/#easy-footnote-bottom-1-161191\"><sup>1<\/sup><\/a><\/span><\/p>\n<p class=\"has-drop-cap\">La premi\u00e8re r\u00e9union de pr\u00e9figuration de la Communaut\u00e9 politique europ\u00e9enne se tient \u00e0 Prague le 6 octobre 2022, convoqu\u00e9e par la pr\u00e9sidence tch\u00e8que du Conseil de l\u2019Union, sous la conduite du Pr\u00e9sident du Conseil Charles Michel<span id=\"easy-footnote-2-161191\" class=\"easy-footnote-margin-adjust\"><\/span><span class=\"easy-footnote\"><a style=\"box-sizing: inherit; background-color: initial !important; font-size: 0.5rem; font-family: NationalWeb, 'Helvetica Neue', sans-serif; font-weight: 400; border-radius: 9999px; display: inline-block; margin-left: 0.2rem; font-feature-settings: 'tnum'; font-variant-numeric: tabular-nums; content: counter(list-counter); width: 0.8rem; height: 0.8rem; line-height: 0.7rem; text-align: center; top: -0.15rem; background-image: linear-gradient(to top,transparent,transparent 1px,var(--color-red) 1px,var(--color-red) 2px,transparent 2px); background-position: 0px 0px !important; background-size: initial !important; background-repeat: initial !important; background-attachment: initial !important; background-origin: initial !important; background-clip: initial !important; color: inherit; position: relative; text-decoration: none; text-shadow: #ffffff -1px -1px 0px, #ffffff 1px -1px 0px, #ffffff -1px 1px 0px, #ffffff 1px 1px 0px; border: 1px solid var(--color-red);\" title=\"1&lt;sup&gt;er&lt;\/sup&gt; septembre 2022.\" href=\"https:\/\/legrandcontinent.eu\/fr\/2022\/09\/30\/a-prague-de-lechec-confederal-a-la-communaute-politique-europeenne\/#easy-footnote-bottom-2-161191\" data-title=\"1&lt;sup&gt;er&lt;\/sup&gt; septembre 2022.\"><sup>2<\/sup><\/a><\/span>. Il s\u2019agit de donner corps \u00e0\u00a0<a href=\"https:\/\/legrandcontinent.eu\/fr\/2022\/05\/10\/discours-de-macron\/\">la proposition formul\u00e9e par le Pr\u00e9sident Emmanuel Macron lors de la session de cl\u00f4ture de la Conf\u00e9rence sur l\u2018avenir de l\u2019Europe<\/a>, le 9 mai \u00e0 Strasbourg.<\/p>\n<p>\u00a0\u00ab\u00a0\u00a0<em>En 1989, le pr\u00e9sident Fran\u00e7ois Mitterrand ouvrit cette r\u00e9flexion alors que l\u2019Union sovi\u00e9tique se d\u00e9litait en proposant la cr\u00e9ation d\u2019une conf\u00e9d\u00e9ration europ\u00e9enne. Sa proposition n\u2019eut pas de post\u00e9rit\u00e9. Elle \u00e9tait sans doute trop pr\u00e9coce. Elle associait la Russie \u00e0 cette conf\u00e9d\u00e9ration, ce qui est bien entendu, f\u00fbt tr\u00e8s rapidement inacceptable pour les \u00c9tats qui venaient de se lib\u00e9rer du joug de l\u2019Union sovi\u00e9tique. Mais elle posait une bonne question et cette question demeure\u00a0: comment organiser l\u2019Europe d\u2019un point de vue politique et plus large que l\u2019Union europ\u00e9enne\u00a0? C\u2019est notre obligation historique que d\u2019y r\u00e9pondre aujourd\u2019hui et de cr\u00e9er ce que je qualifierai aujourd\u2019hui devant vous une \u00ab\u00a0communaut\u00e9 politique europ\u00e9enne<\/em>\u00a0\u00bb.<\/p>\n<figure class=\"wp-block-image wp-block-image-large\"><picture><source srcset=\"https:\/\/legrandcontinent.eu\/fr\/wp-content\/uploads\/sites\/2\/2022\/09\/Photo-5-1536x1120-1-330x241.jpg\" media=\"(max-width: 374px)\" \/><source srcset=\"https:\/\/legrandcontinent.eu\/fr\/wp-content\/uploads\/sites\/2\/2022\/09\/Photo-5-1536x1120-1-690x503.jpg\" media=\"(max-width: 989px)\" \/><source srcset=\"https:\/\/legrandcontinent.eu\/fr\/wp-content\/uploads\/sites\/2\/2022\/09\/Photo-5-1536x1120-1-1340x977.jpg\" media=\"(min-width: 990px)\" \/><img decoding=\"async\" src=\"https:\/\/legrandcontinent.eu\/fr\/wp-content\/uploads\/sites\/2\/2022\/09\/Photo-5-1536x1120-1-125x91.jpg\" \/><\/picture><figcaption>D.R.\/IFM<\/figcaption><\/figure>\n<p>La question centrale, alors pos\u00e9e, \u00e9tait de savoir comment organiser l\u2019Europe, au sens de continent, sans tout faire reposer, de mani\u00e8re exclusive sur l\u2019Union europ\u00e9enne. Le Kremlin a simplifi\u00e9 la donne en s\u2019excluant de l\u2019espace de civilisation europ\u00e9enne en recourant \u00e0 la guerre, c\u2019est dire en brisant le principe du \u00ab\u00a0\u00a0plus jamais \u00e7a\u00a0\u00a0\u00bb qui est le fondement de la r\u00e9conciliation des pays europ\u00e9ens de r\u00e9gime d\u00e9mocratique. La g\u00e9ographie de l\u2019Europe contemporaine est dans sa politique \u2013 la d\u00e9mocratie \u2013 et la liste des pays invit\u00e9s regroupe l\u2019ensemble des pays membres du Conseil de l\u2019Europe, dans sa configuration de 2022.<\/p>\n<p>Lire l&rsquo;article complet sur le site du <a href=\"https:\/\/legrandcontinent.eu\/fr\/2022\/09\/30\/a-prague-de-lechec-confederal-a-la-communaute-politique-europeenne\/\">Grand Continent<\/a>.<\/p>","protected":false},"excerpt":{"rendered":"<p>\u00ab\u00a0\u00a0La g\u00e9opolitique de l\u2019Europe a besoin d\u2019une th\u00e9orie des ensembles\u00a0\u00a0\u00bb Fran\u00e7ois Mitterrand, 19901 La premi\u00e8re r\u00e9union de pr\u00e9figuration de la Communaut\u00e9 politique europ\u00e9enne se tient \u00e0 Prague le 6 octobre<\/p>\n","protected":false},"author":3,"featured_media":15791,"comment_status":"closed","ping_status":"closed","sticky":false,"template":"","format":"standard","meta":{"footnotes":""},"categories":[23],"tags":[153],"class_list":["post-15910","post","type-post","status-publish","format-standard","has-post-thumbnail","hentry","category-news-room","tag-153"],"_links":{"self":[{"href":"https:\/\/www.worldpolicyconference.com\/fr\/wp-json\/wp\/v2\/posts\/15910","targetHints":{"allow":["GET"]}}],"collection":[{"href":"https:\/\/www.worldpolicyconference.com\/fr\/wp-json\/wp\/v2\/posts"}],"about":[{"href":"https:\/\/www.worldpolicyconference.com\/fr\/wp-json\/wp\/v2\/types\/post"}],"author":[{"embeddable":true,"href":"https:\/\/www.worldpolicyconference.com\/fr\/wp-json\/wp\/v2\/users\/3"}],"replies":[{"embeddable":true,"href":"https:\/\/www.worldpolicyconference.com\/fr\/wp-json\/wp\/v2\/comments?post=15910"}],"version-history":[{"count":0,"href":"https:\/\/www.worldpolicyconference.com\/fr\/wp-json\/wp\/v2\/posts\/15910\/revisions"}],"wp:featuredmedia":[{"embeddable":true,"href":"https:\/\/www.worldpolicyconference.com\/fr\/wp-json\/wp\/v2\/media\/15791"}],"wp:attachment":[{"href":"https:\/\/www.worldpolicyconference.com\/fr\/wp-json\/wp\/v2\/media?parent=15910"}],"wp:term":[{"taxonomy":"category","embeddable":true,"href":"https:\/\/www.worldpolicyconference.com\/fr\/wp-json\/wp\/v2\/categories?post=15910"},{"taxonomy":"post_tag","embeddable":true,"href":"https:\/\/www.worldpolicyconference.com\/fr\/wp-json\/wp\/v2\/tags?post=15910"}],"curies":[{"name":"wp","href":"https:\/\/api.w.org\/{rel}","templated":true}]}}