{"id":15914,"date":"2022-10-04T10:48:14","date_gmt":"2022-10-04T09:48:14","guid":{"rendered":"https:\/\/www.worldpolicyconference.com\/?p=15914"},"modified":"2022-10-04T10:49:07","modified_gmt":"2022-10-04T09:49:07","slug":"philipp-hildebrand-nous-avons-besoin-que-le-monde-politique-fasse-sa-part","status":"publish","type":"post","link":"https:\/\/www.worldpolicyconference.com\/fr\/philipp-hildebrand-nous-avons-besoin-que-le-monde-politique-fasse-sa-part\/","title":{"rendered":"Philipp Hildebrand : \u00ab Nous avons besoin que le monde politique fasse sa part \u00bb"},"content":{"rendered":"<h1 class=\"text margin-24-bottom\">\u00ab Le Conseil f\u00e9d\u00e9ral d\u00e9cidera \u00e0 la fin du mois si la Suisse est capable d&rsquo;organiser la COP31 \u00bb<\/h1>\n<p class=\"text --large text-black50 margin-128-bottom@d margin-24-bottom@m\">Le conseiller f\u00e9d\u00e9ral Ueli Maurer a ouvert le grand rendez-vous de la finance durable Building Bridges en compagnie de son pr\u00e9sident Patrick Odier.<\/p>\n<p>Le sommet de la finance durable Building Bridges a \u00e9t\u00e9 officiellement lanc\u00e9 au CICG, \u00e0 Gen\u00e8ve, en pr\u00e9sence du conseiller f\u00e9d\u00e9ral Ueli Maurer.<\/p>\n<p>\u00abCette troisi\u00e8me \u00e9dition se veut un \u00e9v\u00e9nement phare et un catalyseur du changement. Aucun secteur ne peut y parvenir seul, nous avons tous un r\u00f4le \u00e0 jouer dans cette transition\u00bb, a soulign\u00e9 son pr\u00e9sident Patrick Odier devant la presse.<\/p>\n<p>\u00abLa durabilit\u00e9 est notre mission pour la prochaine g\u00e9n\u00e9ration et Building Bridges est un excellent instrument pour atteindre cet objectif\u00bb, a comment\u00e9 Ueli Maurer.<\/p>\n<p>Le conseiller f\u00e9d\u00e9ral a saisi l&rsquo;occasion pour donner quelques pr\u00e9cisions sur l&rsquo;organisation de la COP 31 en 2026 en Suisse.<\/p>\n<h3>[&#8230;]<\/h3>\n<h3>\u00ab Nous avons besoin que le monde politique fasse sa part \u00bb<\/h3>\n<p>Philipp Hildebrand, l\u2019actuel vice-pr\u00e9sident de BlackRock, premier gestionnaire d\u2019actifs au monde avec pr\u00e8s de 10.000 milliards de dollars sous gestion, cl\u00f4ture la premi\u00e8re journ\u00e9e de conf\u00e9rences.<\/p>\n<p>\u00abNous avons un r\u00f4le majeur \u00e0 jouer, mais nous ne pouvons pas r\u00e9gler le probl\u00e8me [du changement climatique]. Nous avons besoin que le monde politique fasse sa part. Ne nous consid\u00e9rez pas comme ceux qui vont forcer le changement. Mais nous pouvons \u00eatre le catalyseur\u00bb, souligne Philipp Hildebrand.<\/p>\n<p>L&rsquo;article est \u00e0 retrouver sur le site d&rsquo;<a href=\"https:\/\/agefi.com\/actualites\/entreprises\/le-conseil-federal-decidera-a-la-fin-du-mois-si-la-suisse-est-capable-dorganiser-la-cop31\">AGEFI<\/a>.<\/p>\n","protected":false},"excerpt":{"rendered":"<p>\u00ab Le Conseil f\u00e9d\u00e9ral d\u00e9cidera \u00e0 la fin du mois si la Suisse est capable d&rsquo;organiser la COP31 \u00bb Le conseiller f\u00e9d\u00e9ral Ueli Maurer a ouvert le grand rendez-vous de<\/p>\n","protected":false},"author":3,"featured_media":15915,"comment_status":"closed","ping_status":"closed","sticky":false,"template":"","format":"standard","meta":{"footnotes":""},"categories":[23],"tags":[153],"class_list":["post-15914","post","type-post","status-publish","format-standard","has-post-thumbnail","hentry","category-news-room","tag-153"],"_links":{"self":[{"href":"https:\/\/www.worldpolicyconference.com\/fr\/wp-json\/wp\/v2\/posts\/15914","targetHints":{"allow":["GET"]}}],"collection":[{"href":"https:\/\/www.worldpolicyconference.com\/fr\/wp-json\/wp\/v2\/posts"}],"about":[{"href":"https:\/\/www.worldpolicyconference.com\/fr\/wp-json\/wp\/v2\/types\/post"}],"author":[{"embeddable":true,"href":"https:\/\/www.worldpolicyconference.com\/fr\/wp-json\/wp\/v2\/users\/3"}],"replies":[{"embeddable":true,"href":"https:\/\/www.worldpolicyconference.com\/fr\/wp-json\/wp\/v2\/comments?post=15914"}],"version-history":[{"count":0,"href":"https:\/\/www.worldpolicyconference.com\/fr\/wp-json\/wp\/v2\/posts\/15914\/revisions"}],"wp:featuredmedia":[{"embeddable":true,"href":"https:\/\/www.worldpolicyconference.com\/fr\/wp-json\/wp\/v2\/media\/15915"}],"wp:attachment":[{"href":"https:\/\/www.worldpolicyconference.com\/fr\/wp-json\/wp\/v2\/media?parent=15914"}],"wp:term":[{"taxonomy":"category","embeddable":true,"href":"https:\/\/www.worldpolicyconference.com\/fr\/wp-json\/wp\/v2\/categories?post=15914"},{"taxonomy":"post_tag","embeddable":true,"href":"https:\/\/www.worldpolicyconference.com\/fr\/wp-json\/wp\/v2\/tags?post=15914"}],"curies":[{"name":"wp","href":"https:\/\/api.w.org\/{rel}","templated":true}]}}