{"id":16036,"date":"2022-11-02T12:58:41","date_gmt":"2022-11-02T11:58:41","guid":{"rendered":"https:\/\/www.worldpolicyconference.com\/?p=16036"},"modified":"2026-04-13T10:01:23","modified_gmt":"2026-04-13T09:01:23","slug":"roman-vassilenko","status":"publish","type":"post","link":"https:\/\/www.worldpolicyconference.com\/fr\/roman-vassilenko\/","title":{"rendered":"Roman Vassilenko"},"content":{"rendered":"<p><\/p>\n<p style=\"text-align: justify;\"><span style=\"font-weight: 400;\">Ambassadeur du Kazakhstan aupr\u00e8s de l&rsquo;UE, de l&rsquo;OTAN, de la Belgique et du Luxembourg. Ancien vice-ministre des Affaires \u00e9trang\u00e8res de la R\u00e9publique du Kazakhstan (2016-2019, 2022-2025). Roman Vassilenko est au service diplomatique du Kazakhstan depuis 1994. Il a occup\u00e9 les fonctions de troisi\u00e8me et deuxi\u00e8me secr\u00e9taire \u00e0 l&rsquo;ambassade du Kazakhstan au Royaume-Uni de Grande-Bretagne et d&rsquo;Irlande du Nord (1996-1999), ainsi que celles de premier secr\u00e9taire et conseiller \u00e0 l&rsquo;ambassade du Kazakhstan \u00e0 Washington (2000-2007). Il a \u00e9galement exerc\u00e9 des fonctions politiques de haut niveau au sein des cabinets de la Pr\u00e9sidence et du Premier ministre, o\u00f9 il \u00e9tait charg\u00e9 des relations internationales du Kazakhstan. De retour au minist\u00e8re des Affaires \u00e9trang\u00e8res du Kazakhstan, il a pr\u00e9sid\u00e9 le Comit\u00e9 de l&rsquo;information internationale (2009-2012, 2014-2016), supervisant la communication du minist\u00e8re lors de p\u00e9riodes cruciales telles que les pr\u00e9sidences kazakhes de l&rsquo;Organisation pour la s\u00e9curit\u00e9 et la coop\u00e9ration en Europe (OSCE) et de l&rsquo;Organisation de la coop\u00e9ration islamique (OCI), ainsi que les campagnes simultan\u00e9es et couronn\u00e9es de succ\u00e8s men\u00e9es par le pays pour accueillir l&rsquo;EXPO 2017 Astana et pour int\u00e9grer le Conseil de s\u00e9curit\u00e9 des Nations Unies pour la p\u00e9riode 2017-2018. Nomm\u00e9 vice-ministre des Affaires \u00e9trang\u00e8res de la R\u00e9publique du Kazakhstan en 2016, il a \u00e9t\u00e9 charg\u00e9 du d\u00e9veloppement des relations du Kazakhstan avec les pays europ\u00e9ens, l&rsquo;Union europ\u00e9enne et d&rsquo;autres organisations europ\u00e9ennes comme l&rsquo;OSCE et le Conseil de l&rsquo;Europe. C&rsquo;est \u00e0 cette \u00e9poque que le Kazakhstan et l&rsquo;UE ont sign\u00e9 et ratifi\u00e9 l&rsquo;Accord de partenariat et de coop\u00e9ration renforc\u00e9, faisant du Kazakhstan le premier pays d&rsquo;Asie centrale \u00e0 mettre en \u0153uvre cet accord de deuxi\u00e8me g\u00e9n\u00e9ration. Roman Vassilenko a \u00e9t\u00e9 le premier Ambassadeur r\u00e9sident du Kazakhstan en R\u00e9publique slovaque de 2019 \u00e0 2022, contribuant de mani\u00e8re significative au renforcement des relations bilat\u00e9rales. De 2022 \u00e0 2025, en tant que vice-ministre des Affaires \u00e9trang\u00e8res pour la deuxi\u00e8me fois, il a \u0153uvr\u00e9 au renforcement des liens du Kazakhstan avec l&rsquo;Europe dans un contexte de profonds bouleversements g\u00e9opolitiques et g\u00e9o\u00e9conomiques. Il occupe son poste actuel \u00e0 Bruxelles depuis juillet 2025.<\/span><\/p>\n<p><\/p>","protected":false},"excerpt":{"rendered":"<p>Ambassadeur du Kazakhstan aupr\u00e8s de l&rsquo;UE, de l&rsquo;OTAN, de la Belgique et du Luxembourg. Ancien vice-ministre des Affaires \u00e9trang\u00e8res de la R\u00e9publique du Kazakhstan (2016-2019, 2022-2025). Roman Vassilenko est au<\/p>\n","protected":false},"author":3,"featured_media":17531,"comment_status":"closed","ping_status":"closed","sticky":false,"template":"","format":"standard","meta":{"footnotes":""},"categories":[8],"tags":[153,154,155,157],"class_list":["post-16036","post","type-post","status-publish","format-standard","has-post-thumbnail","hentry","category-invited-guests","tag-153","tag-154","tag-155","tag-157"],"_links":{"self":[{"href":"https:\/\/www.worldpolicyconference.com\/fr\/wp-json\/wp\/v2\/posts\/16036","targetHints":{"allow":["GET"]}}],"collection":[{"href":"https:\/\/www.worldpolicyconference.com\/fr\/wp-json\/wp\/v2\/posts"}],"about":[{"href":"https:\/\/www.worldpolicyconference.com\/fr\/wp-json\/wp\/v2\/types\/post"}],"author":[{"embeddable":true,"href":"https:\/\/www.worldpolicyconference.com\/fr\/wp-json\/wp\/v2\/users\/3"}],"replies":[{"embeddable":true,"href":"https:\/\/www.worldpolicyconference.com\/fr\/wp-json\/wp\/v2\/comments?post=16036"}],"version-history":[{"count":0,"href":"https:\/\/www.worldpolicyconference.com\/fr\/wp-json\/wp\/v2\/posts\/16036\/revisions"}],"wp:featuredmedia":[{"embeddable":true,"href":"https:\/\/www.worldpolicyconference.com\/fr\/wp-json\/wp\/v2\/media\/17531"}],"wp:attachment":[{"href":"https:\/\/www.worldpolicyconference.com\/fr\/wp-json\/wp\/v2\/media?parent=16036"}],"wp:term":[{"taxonomy":"category","embeddable":true,"href":"https:\/\/www.worldpolicyconference.com\/fr\/wp-json\/wp\/v2\/categories?post=16036"},{"taxonomy":"post_tag","embeddable":true,"href":"https:\/\/www.worldpolicyconference.com\/fr\/wp-json\/wp\/v2\/tags?post=16036"}],"curies":[{"name":"wp","href":"https:\/\/api.w.org\/{rel}","templated":true}]}}