{"id":16061,"date":"2022-11-04T14:38:48","date_gmt":"2022-11-04T13:38:48","guid":{"rendered":"https:\/\/www.worldpolicyconference.com\/?p=16061"},"modified":"2024-12-04T10:11:24","modified_gmt":"2024-12-04T09:11:24","slug":"francis-behanzin","status":"publish","type":"post","link":"https:\/\/www.worldpolicyconference.com\/fr\/francis-behanzin\/","title":{"rendered":"Francis B\u00e9hanzin"},"content":{"rendered":"<p><\/p>\n<p style=\"text-align: justify;\"><span style=\"font-weight: 400;\">Pr\u00e9sident co-fondateur du R\u00e9seau mondial des professionnels de s\u00e9curit\u00e9 et de d\u00e9fense pour la pr\u00e9vention et la lutte contre le terrorisme. Ancien commissaire aux Affaires politiques, paix et s\u00e9curit\u00e9 de la CEDEAO (Communaut\u00e9 Economique des Etats de l\u2019Afrique de l\u2019Ouest). A ce dernier poste, le g\u00e9n\u00e9ral Francis A. B\u00e9hanzin a notamment g\u00e9r\u00e9 les affaires politiques, la promotion de la bonne gouvernance, de la d\u00e9mocratie, de la s\u00e9curit\u00e9 r\u00e9gionale et de la paix dans la r\u00e9gion ouest africaine. Il a conduit, pendant son mandat de 2018 \u00e0 2022, l\u2019observation des \u00e9lections pr\u00e9sidentielles dans les 15 \u00e9tats membres de la CEDEAO. Il a conduit l\u2019\u00e9laboration du plan d\u2019action r\u00e9gionale 2020-2024 de lutte contre le terrorisme. Nanti de plusieurs formations initiales et sp\u00e9cialis\u00e9es de l\u2019Arm\u00e9e et de la police en Europe, aux Etats-Unis, au Canada et en Afrique, notamment sur les op\u00e9rations de maintien de la paix et le crime organis\u00e9, il est dipl\u00f4m\u00e9 du Coll\u00e8ge D\u00e9fense Nationale du Nig\u00e9ria \u00e0 Abuja et aussi de l\u2019Institut des Hautes Etudes de D\u00e9fense Nationale de Paris. Il est devenu Conf\u00e9rencier de l\u2019Institut des Hautes Etudes de D\u00e9fense Nationale de Paris et aussi du Coll\u00e8ge de D\u00e9fense Nationale d\u2019Abuja. Membre fondateur de la Commission b\u00e9ninoise des droits de l\u2019Homme du B\u00e9nin, il est titulaire d&rsquo;une ma\u00eetrise en Droit et en sciences politiques obtenue en 1981 \u00e0 l\u2019Universit\u00e9 nationale du B\u00e9nin.<\/span><\/p>\n<p><\/p>","protected":false},"excerpt":{"rendered":"<p>Pr\u00e9sident co-fondateur du R\u00e9seau mondial des professionnels de s\u00e9curit\u00e9 et de d\u00e9fense pour la pr\u00e9vention et la lutte contre le terrorisme. Ancien commissaire aux Affaires politiques, paix et s\u00e9curit\u00e9 de<\/p>\n","protected":false},"author":3,"featured_media":17458,"comment_status":"closed","ping_status":"closed","sticky":false,"template":"","format":"standard","meta":{"footnotes":""},"categories":[8],"tags":[153,154,155],"class_list":["post-16061","post","type-post","status-publish","format-standard","has-post-thumbnail","hentry","category-invited-guests","tag-153","tag-154","tag-155"],"_links":{"self":[{"href":"https:\/\/www.worldpolicyconference.com\/fr\/wp-json\/wp\/v2\/posts\/16061","targetHints":{"allow":["GET"]}}],"collection":[{"href":"https:\/\/www.worldpolicyconference.com\/fr\/wp-json\/wp\/v2\/posts"}],"about":[{"href":"https:\/\/www.worldpolicyconference.com\/fr\/wp-json\/wp\/v2\/types\/post"}],"author":[{"embeddable":true,"href":"https:\/\/www.worldpolicyconference.com\/fr\/wp-json\/wp\/v2\/users\/3"}],"replies":[{"embeddable":true,"href":"https:\/\/www.worldpolicyconference.com\/fr\/wp-json\/wp\/v2\/comments?post=16061"}],"version-history":[{"count":0,"href":"https:\/\/www.worldpolicyconference.com\/fr\/wp-json\/wp\/v2\/posts\/16061\/revisions"}],"wp:featuredmedia":[{"embeddable":true,"href":"https:\/\/www.worldpolicyconference.com\/fr\/wp-json\/wp\/v2\/media\/17458"}],"wp:attachment":[{"href":"https:\/\/www.worldpolicyconference.com\/fr\/wp-json\/wp\/v2\/media?parent=16061"}],"wp:term":[{"taxonomy":"category","embeddable":true,"href":"https:\/\/www.worldpolicyconference.com\/fr\/wp-json\/wp\/v2\/categories?post=16061"},{"taxonomy":"post_tag","embeddable":true,"href":"https:\/\/www.worldpolicyconference.com\/fr\/wp-json\/wp\/v2\/tags?post=16061"}],"curies":[{"name":"wp","href":"https:\/\/api.w.org\/{rel}","templated":true}]}}