{"id":16294,"date":"2023-01-19T17:10:45","date_gmt":"2023-01-19T16:10:45","guid":{"rendered":"https:\/\/www.worldpolicyconference.com\/?p=16294"},"modified":"2023-01-19T17:10:45","modified_gmt":"2023-01-19T16:10:45","slug":"maurice-gourdault-montagne-dans-la-tribune-non-le-couple-franco-allemand-ne-releve-pas-du-passe","status":"publish","type":"post","link":"https:\/\/www.worldpolicyconference.com\/fr\/maurice-gourdault-montagne-dans-la-tribune-non-le-couple-franco-allemand-ne-releve-pas-du-passe\/","title":{"rendered":"Maurice Gourdault-Montagne dans la tribune \u00ab Non, le couple franco-allemand ne rel\u00e8ve pas du pass\u00e9 \u00bb"},"content":{"rendered":"<p class=\"fig-standfirst\">TRIBUNE &#8211; Maurice Gourdault-Montagne, ancien ambassadeur de France en Allemagne, lance, avec notamment Matthias Fekl, H\u00e9l\u00e8ne Miard-Delacroix et Fran\u00e7ois Villeroy de Galhau une acad\u00e9mie franco-allemande de Paris qui r\u00e9unira universitaires, chefs d\u2019entreprise et hauts fonctionnaires pour c\u00e9l\u00e9brer l\u2019amiti\u00e9 germano-fran\u00e7aise.<\/p>\n<div class=\"fig-content-body\" data-agora-base-url=\"https:\/\/connect.lefigaro.fr\" data-component=\"fig-content-body\" data-context=\"was @visible\" data-id=\"bGVmaWdhcm8uZnJfXzQ0MjFlOGRhLTk2NmYtMTFlZC1hOTgwLWU5NmJiZjVkODNkNV9fQXJ0aWNsZQ==\" data-module=\"fig-body\" data-premium=\"true\">\n<p class=\"fig-paragraph\">Le trait\u00e9 de l\u2019\u00c9lys\u00e9e va avoir 60 ans: voici donc\u00a0le couple franco-allemand\u00a0\u00e0 l\u2019\u00e2ge senior, et peut-\u00eatre \u00e0 celui de la sagesse. Mais c\u2019est aussi, selon certains, le temps du vieillissement, voire de la retraite: l\u2019amiti\u00e9 franco-allemande, ce serait un poncif us\u00e9 de fin de banquet. Nous n\u2019en croyons rien, bien que nous ne niions aucun des d\u00e9fis.<\/p>\n<div class=\"fig-newsletter-box fig-container\">\n<div data-module=\"fig-newsletter-box\" data-context=\"was @visible\" data-url=\"https:\/\/static.lefigaro.fr\/agora\/widget-newsletter\/fignewsletter-short-ttl.js\" data-variant=\"article\" data-site-name=\"lefigaro\"><span style=\"font-size: 1rem;\">C\u2019est pourquoi, nous, un groupe de quelques Fran\u00e7aises et Fran\u00e7ais, prenons l\u2019initiative aujourd\u2019hui: celle de la cr\u00e9ation d\u2019une Acad\u00e9mie franco-allemande de Paris, comme il existe une Acad\u00e9mie de Berlin depuis 2006. Nous la cr\u00e9ons de fa\u00e7on ind\u00e9pendante de toutes les structures officielles, avec l\u2019appui personnel de l\u2019ambassadeur d\u2019Allemagne en France qui accueillera nos r\u00e9unions, comme le fait l\u2019ambassadeur de France \u00e0 Berlin. Nous y r\u00e9unissons, au-del\u00e0 des silos habituels des sp\u00e9cialistes du franco-allemand, des regards pluridisciplinaires et ainsi renouvel\u00e9s: ceux d\u2019universitaires et de chefs d\u2019entreprise, de gens de culture comme d\u2019administration\u2026<\/span><\/div>\n<div data-module=\"fig-newsletter-box\" data-context=\"was @visible\" data-url=\"https:\/\/static.lefigaro.fr\/agora\/widget-newsletter\/fignewsletter-short-ttl.js\" data-variant=\"article\" data-site-name=\"lefigaro\"><\/div>\n<\/div>\n<div id=\"fig-premium-paywall\" class=\"fig-premium-paywall\" data-js-gtm=\"{&quot;customAction&quot;:&quot;Affichage_Paywall_paywall_auto&quot;,&quot;customCategorie&quot;:&quot;conversion&quot;,&quot;customLabel&quot;:&quot;bGVmaWdhcm8uZnJfXzQ0MjFlOGRhLTk2NmYtMTFlZC1hOTgwLWU5NmJiZjVkODNkNV9fQXJ0aWNsZQ==_\\u00abNon, le couple franco-allemand ne rel\\u00e8ve pas du pass\\u00e9\\u00bb_654&quot;,&quot;event&quot;:&quot;customEventSPE&quot;}\" data-module=\"fig-paragraph-with-paywall\" data-context=\"was @visible\">[&#8230;]<\/div>\n<div data-js-gtm=\"{&quot;customAction&quot;:&quot;Affichage_Paywall_paywall_auto&quot;,&quot;customCategorie&quot;:&quot;conversion&quot;,&quot;customLabel&quot;:&quot;bGVmaWdhcm8uZnJfXzQ0MjFlOGRhLTk2NmYtMTFlZC1hOTgwLWU5NmJiZjVkODNkNV9fQXJ0aWNsZQ==_\\u00abNon, le couple franco-allemand ne rel\\u00e8ve pas du pass\\u00e9\\u00bb_654&quot;,&quot;event&quot;:&quot;customEventSPE&quot;}\" data-module=\"fig-paragraph-with-paywall\" data-context=\"was @visible\"><\/div>\n<\/div>\n<div data-js-gtm=\"{&quot;customAction&quot;:&quot;Affichage_Paywall_paywall_auto&quot;,&quot;customCategorie&quot;:&quot;conversion&quot;,&quot;customLabel&quot;:&quot;bGVmaWdhcm8uZnJfXzQ0MjFlOGRhLTk2NmYtMTFlZC1hOTgwLWU5NmJiZjVkODNkNV9fQXJ0aWNsZQ==_\\u00abNon, le couple franco-allemand ne rel\\u00e8ve pas du pass\\u00e9\\u00bb_654&quot;,&quot;event&quot;:&quot;customEventSPE&quot;}\" data-module=\"fig-paragraph-with-paywall\" data-context=\"was @visible\">Retrouvez la tribune collective \u00e0 laquelle a particip\u00e9 Maurice Gourdault-Montagne sur le site du <a href=\"https:\/\/www.lefigaro.fr\/vox\/monde\/non-le-couple-franco-allemand-ne-releve-pas-du-passe-20230117\">FigaroVox<\/a>.<\/div>\n","protected":false},"excerpt":{"rendered":"<p>TRIBUNE &#8211; Maurice Gourdault-Montagne, ancien ambassadeur de France en Allemagne, lance, avec notamment Matthias Fekl, H\u00e9l\u00e8ne Miard-Delacroix et Fran\u00e7ois Villeroy de Galhau une acad\u00e9mie franco-allemande de Paris qui r\u00e9unira universitaires,<\/p>\n","protected":false},"author":3,"featured_media":16295,"comment_status":"closed","ping_status":"closed","sticky":false,"template":"","format":"standard","meta":{"footnotes":""},"categories":[23],"tags":[154],"class_list":["post-16294","post","type-post","status-publish","format-standard","has-post-thumbnail","hentry","category-news-room","tag-154"],"_links":{"self":[{"href":"https:\/\/www.worldpolicyconference.com\/fr\/wp-json\/wp\/v2\/posts\/16294","targetHints":{"allow":["GET"]}}],"collection":[{"href":"https:\/\/www.worldpolicyconference.com\/fr\/wp-json\/wp\/v2\/posts"}],"about":[{"href":"https:\/\/www.worldpolicyconference.com\/fr\/wp-json\/wp\/v2\/types\/post"}],"author":[{"embeddable":true,"href":"https:\/\/www.worldpolicyconference.com\/fr\/wp-json\/wp\/v2\/users\/3"}],"replies":[{"embeddable":true,"href":"https:\/\/www.worldpolicyconference.com\/fr\/wp-json\/wp\/v2\/comments?post=16294"}],"version-history":[{"count":0,"href":"https:\/\/www.worldpolicyconference.com\/fr\/wp-json\/wp\/v2\/posts\/16294\/revisions"}],"wp:featuredmedia":[{"embeddable":true,"href":"https:\/\/www.worldpolicyconference.com\/fr\/wp-json\/wp\/v2\/media\/16295"}],"wp:attachment":[{"href":"https:\/\/www.worldpolicyconference.com\/fr\/wp-json\/wp\/v2\/media?parent=16294"}],"wp:term":[{"taxonomy":"category","embeddable":true,"href":"https:\/\/www.worldpolicyconference.com\/fr\/wp-json\/wp\/v2\/categories?post=16294"},{"taxonomy":"post_tag","embeddable":true,"href":"https:\/\/www.worldpolicyconference.com\/fr\/wp-json\/wp\/v2\/tags?post=16294"}],"curies":[{"name":"wp","href":"https:\/\/api.w.org\/{rel}","templated":true}]}}