{"id":16299,"date":"2023-01-25T11:46:31","date_gmt":"2023-01-25T10:46:31","guid":{"rendered":"https:\/\/www.worldpolicyconference.com\/?p=16299"},"modified":"2023-01-25T11:46:31","modified_gmt":"2023-01-25T10:46:31","slug":"philippe-baptiste-on-attend-avec-enormement-dimpatience-le-prochain-lanceur-europeen-ariane-6","status":"publish","type":"post","link":"https:\/\/www.worldpolicyconference.com\/fr\/philippe-baptiste-on-attend-avec-enormement-dimpatience-le-prochain-lanceur-europeen-ariane-6\/","title":{"rendered":"Philippe Baptiste : \u00ab On attend avec \u00e9norm\u00e9ment d\u2019impatience le prochain lanceur europ\u00e9en Ariane 6. \u00bb"},"content":{"rendered":"<div class=\"ExpressionSummary\">\n<h2 class=\"ExpressionSummary-standFirst qg-tt4 qg-xtra-lh svelte-tu0738\" data-testid=\"ExpressionSummary-standFirst\">Le pr\u00e9sident-directeur g\u00e9n\u00e9ral du Centre national d&rsquo;\u00e9tudes spatiales pr\u00e9sente ses voeux mardi \u00e0 ses \u00e9quipes. Sur France Inter, il \u00e9num\u00e8re les futurs du projets du CNES.<\/h2>\n<\/div>\n<div class=\"ExpressionBodyJson ExpressionBodyJson-franceinter g-block-margin svelte-tu0738\">\n<div class=\"HtmlBodyWrapper station-franceinter \" data-brand=\"franceinter\">\n<div class=\"\">\n<p class=\"PopSlotParagraph qg-tx2 qg-xtra-lh svelte-d1f82a\"><em>\u00ab\u00a0On attend avec \u00e9norm\u00e9ment d\u2019impatience le prochain lanceur europ\u00e9en Ariane 6, qui prendra la suite d\u2019Ariane 5\u00a0\u00bb<\/em>, affirme Philippe Baptiste, le pr\u00e9sident-directeur g\u00e9n\u00e9ral du Centre national d&rsquo;\u00e9tudes spatiales (CNES). Il doit co\u00fbter moins cher, et partira de Kourou en Guyane.\u00a0<em>\u00ab\u00a0Il d\u00e9collera quand il sera pr\u00eat\u00a0\u00bb<\/em>, cela devrait \u00eatre cette ann\u00e9e. Le pas de tir est termin\u00e9, le lanceur touche \u00e0 sa fin. Le projet a d\u00e9j\u00e0 trois ans de retard.<\/p>\n<p class=\"PopSlotParagraph qg-tx2 qg-xtra-lh svelte-d1f82a\">Apr\u00e8s l\u2019\u00e9chec de Vega-C, l\u2019Europe n\u2019a plus d\u2019acc\u00e8s autonome \u00e0 l\u2019espace. Mais le patron du CNES ne panique pas. Deux Ariane 5 vont s\u2019\u00e9lancer dans les prochains mois.\u00a0<em>\u00ab\u00a0Avec l\u2019invasion russe en Ukraine, les Russes sont partis de Kourou<\/em>, regrette Philippe Baptiste,\u00a0<em>ils lan\u00e7aient pour le compte de l\u2019Europe Soyouz. C\u2019est vrai qu\u2019on utilisait Soyouz comme moyen de remplacement si on avait une difficult\u00e9 avec Ariane.\u00a0\u00bb<\/em><\/p>\n<p>[&#8230;]<\/p>\n<p>Retrouvez l&rsquo;intervention de Philippe Baptiste du 17 janvier 2023 sur <a href=\"https:\/\/www.radiofrance.fr\/franceinter\/podcasts\/l-invite-de-6h20\/l-invite-de-6h20-du-mardi-17-janvier-2023-5943519\">France Inter<\/a>.<\/p>\n<\/div>\n<\/div>\n<\/div>\n","protected":false},"excerpt":{"rendered":"<p>Le pr\u00e9sident-directeur g\u00e9n\u00e9ral du Centre national d&rsquo;\u00e9tudes spatiales pr\u00e9sente ses voeux mardi \u00e0 ses \u00e9quipes. Sur France Inter, il \u00e9num\u00e8re les futurs du projets du CNES. \u00ab\u00a0On attend avec \u00e9norm\u00e9ment<\/p>\n","protected":false},"author":3,"featured_media":16300,"comment_status":"closed","ping_status":"closed","sticky":false,"template":"","format":"standard","meta":{"footnotes":""},"categories":[23],"tags":[154],"class_list":["post-16299","post","type-post","status-publish","format-standard","has-post-thumbnail","hentry","category-news-room","tag-154"],"_links":{"self":[{"href":"https:\/\/www.worldpolicyconference.com\/fr\/wp-json\/wp\/v2\/posts\/16299","targetHints":{"allow":["GET"]}}],"collection":[{"href":"https:\/\/www.worldpolicyconference.com\/fr\/wp-json\/wp\/v2\/posts"}],"about":[{"href":"https:\/\/www.worldpolicyconference.com\/fr\/wp-json\/wp\/v2\/types\/post"}],"author":[{"embeddable":true,"href":"https:\/\/www.worldpolicyconference.com\/fr\/wp-json\/wp\/v2\/users\/3"}],"replies":[{"embeddable":true,"href":"https:\/\/www.worldpolicyconference.com\/fr\/wp-json\/wp\/v2\/comments?post=16299"}],"version-history":[{"count":0,"href":"https:\/\/www.worldpolicyconference.com\/fr\/wp-json\/wp\/v2\/posts\/16299\/revisions"}],"wp:featuredmedia":[{"embeddable":true,"href":"https:\/\/www.worldpolicyconference.com\/fr\/wp-json\/wp\/v2\/media\/16300"}],"wp:attachment":[{"href":"https:\/\/www.worldpolicyconference.com\/fr\/wp-json\/wp\/v2\/media?parent=16299"}],"wp:term":[{"taxonomy":"category","embeddable":true,"href":"https:\/\/www.worldpolicyconference.com\/fr\/wp-json\/wp\/v2\/categories?post=16299"},{"taxonomy":"post_tag","embeddable":true,"href":"https:\/\/www.worldpolicyconference.com\/fr\/wp-json\/wp\/v2\/tags?post=16299"}],"curies":[{"name":"wp","href":"https:\/\/api.w.org\/{rel}","templated":true}]}}