{"id":16310,"date":"2023-01-26T16:24:17","date_gmt":"2023-01-26T15:24:17","guid":{"rendered":"https:\/\/www.worldpolicyconference.com\/?p=16310"},"modified":"2023-01-26T16:24:17","modified_gmt":"2023-01-26T15:24:17","slug":"josep-borrell-dans-iran-lue-sanctionne-plusieurs-responsables-des-gardiens-de-la-revolution","status":"publish","type":"post","link":"https:\/\/www.worldpolicyconference.com\/fr\/josep-borrell-dans-iran-lue-sanctionne-plusieurs-responsables-des-gardiens-de-la-revolution\/","title":{"rendered":"Josep Borrell dans \u00ab Iran : l&rsquo;UE sanctionne plusieurs responsables des Gardiens de la R\u00e9volution \u00bb"},"content":{"rendered":"<p class=\"t-content__chapo\"><strong>ARTICLE &#8211; De nouvelles sanctions contre l&rsquo;Iran ont\u00a0\u00e9t\u00e9 adopt\u00e9es, lundi, par les ministres des Affaires \u00e9trang\u00e8res de l&rsquo;Union europ\u00e9enne, a d\u00e9clar\u00e9 la pr\u00e9sidence su\u00e9doise de l&rsquo;UE. Plusieurs responsables des Gardiens de la R\u00e9volution islamique font partie des personnes sanctionn\u00e9es pour violations des droits de l&rsquo;Homme.<\/strong><\/p>\n<div class=\"t-content__body u-clearfix\" data-empty-p=\"false\">\n<p>L&rsquo;Union europ\u00e9enne a sanctionn\u00e9 lundi plusieurs responsables des Gardiens de la R\u00e9volution islamique pour violations des droits de l&rsquo;Homme, mais n&rsquo;est pas en mesure \u00e0 ce stade de placer l&rsquo;arm\u00e9e id\u00e9ologique de\u00a0l&rsquo;Iran\u00a0sur la liste des organisations terroristes.<\/p>\n<p>Les ministres des Affaires \u00e9trang\u00e8res de l&rsquo;Union ont ajout\u00e9 37 personnes ou entit\u00e9s iraniennes impliqu\u00e9es dans la r\u00e9pression des manifestations sur la liste de leurs sanctions pour violation des droits humains.<\/p>\n<p>Quatre commandants des Gardiens de la R\u00e9volution et douze unit\u00e9s militaires des IRGC figurent sur cette liste publi\u00e9e au Journal officiel de l&rsquo;UE.<\/p>\n<p>Les Europ\u00e9ens ont \u00e9galement sanctionn\u00e9 le ministre iranien des Sports et de la jeunesse Seyed Hamid Sajjadi Hazaveh pour \u00ab\u00a0les pressions exerc\u00e9es sur les athl\u00e8tes\u00a0\u00bb. Quatre d\u00e9put\u00e9s et deux directeurs de la radio-t\u00e9l\u00e9vision iranienne sont \u00e9galement au nombres des personnalit\u00e9s sanctionn\u00e9es.<\/p>\n<div class=\"tms-ad m-inread-ad\" data-tms-ad-type=\"inread\" data-tms-ad-provider=\"gam\" data-tms-ad-owner=\"fmm\" data-tms-ad-pos=\"1\" data-tms-ad-status=\"resized\" data-tms-ad-inread-provider-exclusions=\"teads\" data-tms-ad-inread-provider=\"invibes\">\n<div class=\"m-inread-ad__report m-inread-ad__report--report-enabled\"><\/div>\n<\/div>\n<p>Mais le chef de la diplomatie europ\u00e9enne, Josep Borrell, a affirm\u00e9\u00a0que les 27 ne pouvaient d\u00e9cider, \u00e0 ce stade, de placer les Gardiens de la r\u00e9volution, l&rsquo;arm\u00e9e id\u00e9ologique de l&rsquo;Iran, sur leur liste noire. \u00ab\u00a0C&rsquo;est quelque chose qui ne peut \u00eatre d\u00e9cid\u00e9 sans un tribunal. Une d\u00e9cision de justice est n\u00e9cessaire\u00a0\u00bb, a expliqu\u00e9 Josep Borrell.\u00a0\u00ab\u00a0Vous ne pouvez pas dire\u00a0: &lsquo;Je te consid\u00e8re comme un terroriste parce que je ne t&rsquo;aime pas.&rsquo;\u00a0Cela doit \u00eatre fait lorsqu&rsquo;un tribunal d&rsquo;un \u00c9tat membre \u00e9met une d\u00e9claration juridique, une condamnation concr\u00e8te\u00a0\u00bb, a-t-il martel\u00e9.<\/p>\n<p>[&#8230;]<\/p>\n<\/div>\n<p>Retrouvez l&rsquo;article en entier sur <a href=\"https:\/\/www.france24.com\/fr\/moyen-orient\/20230123-l-union-europ%C3%A9enne-adopte-un-nouveau-train-de-sanctions-contre-l-iran\">France 24<\/a>.<\/p>\n","protected":false},"excerpt":{"rendered":"<p>ARTICLE &#8211; De nouvelles sanctions contre l&rsquo;Iran ont\u00a0\u00e9t\u00e9 adopt\u00e9es, lundi, par les ministres des Affaires \u00e9trang\u00e8res de l&rsquo;Union europ\u00e9enne, a d\u00e9clar\u00e9 la pr\u00e9sidence su\u00e9doise de l&rsquo;UE. Plusieurs responsables des Gardiens<\/p>\n","protected":false},"author":3,"featured_media":16311,"comment_status":"closed","ping_status":"closed","sticky":false,"template":"","format":"standard","meta":{"footnotes":""},"categories":[23],"tags":[154],"class_list":["post-16310","post","type-post","status-publish","format-standard","has-post-thumbnail","hentry","category-news-room","tag-154"],"_links":{"self":[{"href":"https:\/\/www.worldpolicyconference.com\/fr\/wp-json\/wp\/v2\/posts\/16310","targetHints":{"allow":["GET"]}}],"collection":[{"href":"https:\/\/www.worldpolicyconference.com\/fr\/wp-json\/wp\/v2\/posts"}],"about":[{"href":"https:\/\/www.worldpolicyconference.com\/fr\/wp-json\/wp\/v2\/types\/post"}],"author":[{"embeddable":true,"href":"https:\/\/www.worldpolicyconference.com\/fr\/wp-json\/wp\/v2\/users\/3"}],"replies":[{"embeddable":true,"href":"https:\/\/www.worldpolicyconference.com\/fr\/wp-json\/wp\/v2\/comments?post=16310"}],"version-history":[{"count":0,"href":"https:\/\/www.worldpolicyconference.com\/fr\/wp-json\/wp\/v2\/posts\/16310\/revisions"}],"wp:featuredmedia":[{"embeddable":true,"href":"https:\/\/www.worldpolicyconference.com\/fr\/wp-json\/wp\/v2\/media\/16311"}],"wp:attachment":[{"href":"https:\/\/www.worldpolicyconference.com\/fr\/wp-json\/wp\/v2\/media?parent=16310"}],"wp:term":[{"taxonomy":"category","embeddable":true,"href":"https:\/\/www.worldpolicyconference.com\/fr\/wp-json\/wp\/v2\/categories?post=16310"},{"taxonomy":"post_tag","embeddable":true,"href":"https:\/\/www.worldpolicyconference.com\/fr\/wp-json\/wp\/v2\/tags?post=16310"}],"curies":[{"name":"wp","href":"https:\/\/api.w.org\/{rel}","templated":true}]}}