{"id":16323,"date":"2023-01-30T15:32:08","date_gmt":"2023-01-30T14:32:08","guid":{"rendered":"https:\/\/www.worldpolicyconference.com\/?p=16323"},"modified":"2023-01-30T15:32:08","modified_gmt":"2023-01-30T14:32:08","slug":"josep-borrell-dans-proche-orient-les-diplomaties-europeennes-appellent-au-calme-apres-deux-fusillades-ayant-cible-des-israeliens","status":"publish","type":"post","link":"https:\/\/www.worldpolicyconference.com\/fr\/josep-borrell-dans-proche-orient-les-diplomaties-europeennes-appellent-au-calme-apres-deux-fusillades-ayant-cible-des-israeliens\/","title":{"rendered":"Josep Borrell dans \u00ab Proche-Orient : les diplomaties europ\u00e9ennes appellent au calme apr\u00e8s deux fusillades ayant cibl\u00e9 des Isra\u00e9liens \u00bb"},"content":{"rendered":"<div class=\"row\">\n<div class=\"col-md-12\">\n<div class=\"view-wide\">\n<div class=\"rubedo-field-inner\">\n<div class=\"ng-scope\">\n<div class=\"ng-scope\">\n<div class=\"ng-scope\">\n<div class=\"rubedo-field-inner\">\n<div class=\"ng-scope\">\n<div class=\"ng-scope\">\n<div class=\"document-media-wrapper\">\n<div class=\"ng-scope\">\n<div class=\"figure-wrapper ng-scope\">\n<figure><img decoding=\"async\" class=\"img-responsive spinner-show\" src=\"https:\/\/images.lanouvellerepublique.fr\/image\/upload\/t_1020w\/f_auto\/63d56baaf684b3b7108b4754.jpg\" srcset=\"https:\/\/images.lanouvellerepublique.fr\/image\/upload\/t_88w\/63d56baaf684b3b7108b4754.jpg 88w,https:\/\/images.lanouvellerepublique.fr\/image\/upload\/t_480w\/f_auto\/63d56baaf684b3b7108b4754.jpg 480w,https:\/\/images.lanouvellerepublique.fr\/image\/upload\/t_768w\/f_auto\/63d56baaf684b3b7108b4754.jpg 768w,https:\/\/images.lanouvellerepublique.fr\/image\/upload\/t_980w\/f_auto\/63d56baaf684b3b7108b4754.jpg 980w,https:\/\/images.lanouvellerepublique.fr\/image\/upload\/t_1020w\/f_auto\/63d56baaf684b3b7108b4754.jpg 1020w\" alt=\"Josep Borrell, le chef de la diplomatie europ\u00e9enne, s\u2019est dit tr\u00e8s pr\u00e9occup\u00e9 par \u00ab\u00a0l\u2019aggravation des tensions en Isra\u00ebl et dans le territoire palestinien occup\u00e9\u00a0\u00bb.\" \/><figcaption class=\"ng-scope\"><span class=\"ng-binding ng-scope\">Josep Borrell, le chef de la diplomatie europ\u00e9enne, s\u2019est dit tr\u00e8s pr\u00e9occup\u00e9 par \u00ab\u00a0l\u2019aggravation des tensions en Isra\u00ebl et dans le territoire palestinien occup\u00e9\u00a0\u00bb.<\/span><br \/>\n<em class=\"ng-binding ng-scope\">\u00a9 (Photo AFP)<\/em><\/p>\n<\/figcaption><\/figure>\n<\/div>\n<\/div>\n<\/div>\n<\/div>\n<\/div>\n<\/div>\n<\/div>\n<\/div>\n<\/div>\n<\/div>\n<\/div>\n<\/div>\n<\/div>\n<div class=\"article-body-inner ng-isolate-scope ui-scrollpoint\">\n<div class=\"chapo-wrapper ng-scope\">\n<div class=\"wysiwyg\">\n<div class=\"rubedo-field-inner\">\n<div class=\"ng-scope\">\n<div class=\"ng-scope\">\n<div class=\"ng-scope\">\n<div class=\"chapo ng-scope\">\n<p class=\"ng-binding ng-scope\">Sept personnes ont \u00e9t\u00e9 tu\u00e9es vendredi soir aux abords d\u2019une synagogue. 42 suspects ont \u00e9t\u00e9 interpell\u00e9s samedi par la police isra\u00e9lienne alors que, toujours samedi, une autre fusillade perp\u00e9tr\u00e9e par un Palestinien, \u00e2g\u00e9 de 13\u00a0ans, a fait deux bless\u00e9s suppl\u00e9mentaires. Le monde entier redoute un embrasement.<\/p>\n<\/div>\n<\/div>\n<\/div>\n<\/div>\n<\/div>\n<\/div>\n<\/div>\n<div class=\"qiota\"><\/div>\n<div>\n<div class=\"rubedo-block-pave-haut\">\n<div class=\"rubedo-block-nr ng-scope true\" style=\"box-sizing: border-box; -webkit-font-smoothing: antialiased; outline: none !important; min-height: 1px;\">\n<div class=\"ng-scope\" style=\"box-sizing: border-box; -webkit-font-smoothing: antialiased; outline: none !important;\">\n<div class=\"rubedo-block-nr-has-content rubedo-block-dfp\">\n<div id=\"nrco_pub_dfp_Pave_Haut_57da5ce0459a4552008b4567\" class=\"nrco_pub_dfp Pave_Haut\"><\/div>\n<\/div>\n<\/div>\n<\/div>\n<\/div>\n<div>\n<div class=\"wysiwyg paywall clearfix\">\n<div class=\"rubedo-field-inner\">\n<div class=\"ng-scope\">\n<div class=\"ng-scope\">\n<div class=\"wrapper-rubedo-field ng-scope\">\n<div class=\"rubedo-field-inner\">\n<div class=\"ng-scope\">\n<div class=\"ng-scope\">\n<div class=\"ng-scope\">\n<p>Depuis vendredi soir et la premi\u00e8re fusillade\u00a0<a href=\"https:\/\/www.lanouvellerepublique.fr\/a-la-une\/jerusalem-est-sept-morts-lors-d-une-attaque-terroriste-pres-d-une-synagogue?queryId%5Bquery1%5D=57cd2206459a452f008b4594&amp;queryId%5Bquery2%5D=57c95b34479a452f008b459d&amp;page=2&amp;pageId=57da5ce0459a4552008b4567\" target=\"_self\">ayant emport\u00e9 la vie de sept personnes aux abords d\u2019une synagogue<\/a>, les diplomaties europ\u00e9ennes ne cessent d\u2019appeler Isra\u00e9liens et Palestiniens au calme.<\/p>\n<\/div>\n<\/div>\n<\/div>\n<\/div>\n<\/div>\n<div class=\"wrapper-rubedo-field ng-scope\">\n<div class=\"rubedo-field-inner\">\n<div class=\"ng-scope\">\n<div class=\"ng-scope\">\n<div class=\"ng-scope\">\n<p>Une position assez diff\u00e9rente de celle exprim\u00e9e dans la nuit de vendredi \u00e0 samedi par Joe Biden. Le pr\u00e9sident am\u00e9ricain a en effet appel\u00e9 imm\u00e9diatement le premier ministre isra\u00e9lien, Benyamin Netanyahou.<\/p>\n<\/div>\n<\/div>\n<\/div>\n<\/div>\n<\/div>\n<div class=\"wrapper-rubedo-field ng-scope\">\n<div class=\"rubedo-field-inner\">\n<div class=\"ng-scope\">\n<div class=\"ng-scope\">\n<div class=\"ng-scope\">\n<p>Il l\u2019a assur\u00e9 du soutien des \u00c9tats-Unis face \u00e0 cette\u00a0<em>\u00ab\u00a0atroce attaque terroriste\u00a0\u00bb<\/em>\u00a0qu\u2019il a qualifi\u00e9e d&rsquo;<em>\u00ab\u00a0attaque contre le monde civilis\u00e9\u00a0\u00bb<\/em>. Lors de cet appel, Joe Biden a rappel\u00e9\u00a0<em>\u00ab\u00a0l\u2019engagement \u00e0 toute \u00e9preuve des \u00c9tats-Unis pour la s\u00e9curit\u00e9 d\u2019Isra\u00ebl\u00a0\u00bb<\/em>.<\/p>\n<\/div>\n<\/div>\n<\/div>\n<\/div>\n<\/div>\n<div class=\"wrapper-rubedo-field ng-scope\">\n<div class=\"rubedo-field-inner\">\n<div class=\"ng-scope\">\n<div class=\"ng-scope\">\n<div class=\"ng-scope\">\n<h2 class=\"intertitre\">\u00ab\u00a0Amorcer une d\u00e9sescalade\u00a0\u00bb<\/h2>\n<\/div>\n<\/div>\n<\/div>\n<\/div>\n<\/div>\n<div class=\"wrapper-rubedo-field ng-scope\">\n<div class=\"rubedo-field-inner\">\n<div class=\"ng-scope\">\n<div class=\"ng-scope\">\n<div class=\"ng-scope\">\n<p>\u00c0 la diff\u00e9rence des \u00c9tats-Unis, l\u2019Europe d\u00e9fend une ligne plus distante avec l\u2019\u00c9tat isra\u00e9lien tout en condamnant\u00a0<em>\u00ab\u00a0fermement\u00a0\u00bb<\/em>\u00a0les deux attentats perp\u00e9tr\u00e9s par des Palestiniens.<\/p>\n<\/div>\n<\/div>\n<\/div>\n<\/div>\n<\/div>\n<div class=\"wrapper-rubedo-field ng-scope\">\n<div class=\"rubedo-field-inner\">\n<div class=\"ng-scope\">\n<div class=\"ng-scope\">\n<div class=\"ng-scope\">\n<p><em>\u00ab\u00a0L\u2019Union europ\u00e9enne reconna\u00eet pleinement les pr\u00e9occupations l\u00e9gitimes d\u2019Isra\u00ebl en mati\u00e8re de s\u00e9curit\u00e9, encore justifi\u00e9es par les derni\u00e8res attaques terroristes, mais il convient de souligner que la force l\u00e9tale ne doit \u00eatre utilis\u00e9e qu\u2019en dernier recours, lorsqu\u2019elle est strictement in\u00e9vitable pour prot\u00e9ger la vie\u00a0\u00bb<\/em>, a notamment d\u00e9clar\u00e9 Josep Borrell (le chef de la diplomatie de l\u2019UE) dans un communiqu\u00e9.<\/p>\n<\/div>\n<\/div>\n<\/div>\n<\/div>\n<\/div>\n<div class=\"wrapper-rubedo-field ng-scope\">\n<div class=\"rubedo-field-inner\">\n<div class=\"ng-scope\">\n<div class=\"ng-scope\">\n<div class=\"ng-scope\">\n<p><em>\u00ab\u00a0L\u2019UE est tr\u00e8s pr\u00e9occup\u00e9e par l\u2019aggravation des tensions en Isra\u00ebl et dans le territoire palestinien occup\u00e9. Nous appelons les deux parties \u00e0 faire tout leur possible pour amorcer une d\u00e9sescalade et relancer la coordination en mati\u00e8re de s\u00e9curit\u00e9 qui est essentielle pour pr\u00e9venir de nouveaux actes de violence\u00a0\u00bb<\/em>, a-t-il ajout\u00e9.<\/p>\n<\/div>\n<\/div>\n<\/div>\n<\/div>\n<\/div>\n<div class=\"wrapper-rubedo-field ng-scope\">\n<div class=\"rubedo-field-inner\">\n<div class=\"ng-scope\">\n<div class=\"ng-scope\">\n<div class=\"ng-scope\">\n<p>D\u00e8s vendredi soir et la fusillade pr\u00e8s d\u2019une synagogue, la diplomatie fran\u00e7aise avait esquiss\u00e9 la m\u00eame r\u00e9action mesur\u00e9e. Elle avait dans un communiqu\u00e9 condamn\u00e9 l&rsquo;<em>\u00ab\u00a0effroyable attaque terroriste contre des civils\u00a0\u00bb<\/em>, la qualifiant de\u00a0<em>\u00ab\u00a0particuli\u00e8rement abjecte le\u00a0<a href=\"https:\/\/www.lanouvellerepublique.fr\/a-la-une\/on-ne-nait-pas-raciste-on-nous-l-enseigne-joseph-weismann-rescape-de-la-rafle-du-vel-d-hiv?queryId%5Bquery1%5D=57cd2206459a452f008b4594&amp;queryId%5Bquery2%5D=57c95b34479a452f008b459d&amp;page=0&amp;pageId=57da5ce0459a4552008b4567\" target=\"_self\">jour des comm\u00e9morations internationales des victimes de la Shoah<\/a>\u00a0\u00bb<\/em>. Mais le Quai d\u2019Orsay s\u2019empressait aussi\u00a0<em>\u00ab<\/em>\u00a0<em>dans un contexte de tensions croissantes, d\u2019appeler toutes les parties \u00e0 \u00e9viter des actions susceptibles d\u2019alimenter l\u2019engrenage de la violence.\u00a0\u00bb<\/em><\/p>\n<\/div>\n<\/div>\n<\/div>\n<\/div>\n<\/div>\n<div class=\"wrapper-rubedo-field ng-scope\">\n<div class=\"rubedo-field-inner\">\n<div class=\"ng-scope\">\n<div class=\"ng-scope\">\n<div class=\"ng-scope\">\n<p>Apr\u00e8s qu\u2019Olaf Scholz s\u2019est dit\u00a0<em>\u00ab\u00a0boulevers\u00e9\u00a0\u00bb<\/em>\u00a0par les attaques ciblant les Isra\u00e9liens, le minist\u00e8re des Affaires \u00e9trang\u00e8res allemand avait lui aussi estim\u00e9 qu\u2019un\u00a0<em>\u00ab\u00a0dialogue et une coop\u00e9ration entre Isra\u00ebl et les autorit\u00e9s palestiniennes sont plus que jamais n\u00e9cessaires afin d\u2019\u00e9liminer la terreur. La spirale de violence qui a d\u00e9j\u00e0 caus\u00e9 cette ann\u00e9e trop de victimes des deux c\u00f4t\u00e9s ne doit pas continuer.\u00a0\u00bb<\/em><\/p>\n<\/div>\n<\/div>\n<\/div>\n<\/div>\n<\/div>\n<div class=\"wrapper-rubedo-field ng-scope\">\n<div class=\"rubedo-field-inner\">\n<div class=\"ng-scope\">\n<div class=\"ng-scope\">\n<div class=\"ng-scope\">\n<h2 class=\"intertitre\">L\u2019aplomb russe<\/h2>\n<\/div>\n<\/div>\n<\/div>\n<\/div>\n<\/div>\n<div class=\"wrapper-rubedo-field ng-scope\">\n<div class=\"rubedo-field-inner\">\n<div class=\"ng-scope\">\n<div class=\"ng-scope\">\n<div class=\"ng-scope\">\n<p>Fait exceptionnel depuis de longs mois, sur la question du Proche-Orient, Europ\u00e9ens et Russes se retrouvent sur la m\u00eame longueur d\u2019onde diplomatique. La diplomatie russe s\u2019est en effet d\u00e9clar\u00e9e samedi\u00a0<em>\u00ab\u00a0profond\u00e9ment pr\u00e9occup\u00e9e\u00a0par ce d\u00e9roulement des \u00e9v\u00e8nements\u00a0\u00bb<\/em>\u00a0et a appel\u00e9 toutes les parties \u00e0 la\u00a0<em>\u00ab\u00a0retenue maximale et \u00e0 \u00e9viter une escalade ult\u00e9rieure des tensions\u00a0\u00bb<\/em>.<\/p>\n<\/div>\n<\/div>\n<\/div>\n<\/div>\n<\/div>\n<div class=\"wrapper-rubedo-field ng-scope\">\n<div class=\"rubedo-field-inner\">\n<div class=\"ng-scope\">\n<div class=\"ng-scope\">\n<div class=\"ng-scope\">\n<p>Pour le minist\u00e8re russe des Affaires \u00e9trang\u00e8res,\u00a0<em>\u00ab\u00a0les derniers \u00e9v\u00e8nements confirment avec toute \u00e9vidence la n\u00e9cessit\u00e9 de relancer un dialogue constructif palestino-isra\u00e9lien et de renoncer aux actions unilat\u00e9rales\u00a0\u00bb<\/em>. Moscou, qui ne manque pas d\u2019aplomb, est all\u00e9 jusqu\u2019\u00e0 assurer\u00a0:\u00a0<em>\u00ab\u00a0On ne peut mettre fin aux violences r\u00e9p\u00e9titives que dans le cadre d\u2019un processus de n\u00e9gociations se basant sur les principes du droit international.\u00a0\u00bb<\/em><\/p>\n<\/div>\n<\/div>\n<\/div>\n<\/div>\n<\/div>\n<\/div>\n<\/div>\n<\/div>\n<\/div>\n<\/div>\n<\/div>\n<\/div>\n<p>Retrouvez l&rsquo;article en entier sur <a href=\"https:\/\/www.lanouvellerepublique.fr\/a-la-une\/proche-orient-les-diplomaties-europeennes-appellent-au-calme-apres-deux-fusillades-ayant-cible-des-israeliens\">La Nouvelle R\u00e9publique<\/a>.<\/p>\n","protected":false},"excerpt":{"rendered":"<p>Josep Borrell, le chef de la diplomatie europ\u00e9enne, s\u2019est dit tr\u00e8s pr\u00e9occup\u00e9 par \u00ab\u00a0l\u2019aggravation des tensions en Isra\u00ebl et dans le territoire palestinien occup\u00e9\u00a0\u00bb. \u00a9 (Photo AFP) Sept personnes ont<\/p>\n","protected":false},"author":3,"featured_media":16311,"comment_status":"closed","ping_status":"closed","sticky":false,"template":"","format":"standard","meta":{"footnotes":""},"categories":[23],"tags":[154],"class_list":["post-16323","post","type-post","status-publish","format-standard","has-post-thumbnail","hentry","category-news-room","tag-154"],"_links":{"self":[{"href":"https:\/\/www.worldpolicyconference.com\/fr\/wp-json\/wp\/v2\/posts\/16323","targetHints":{"allow":["GET"]}}],"collection":[{"href":"https:\/\/www.worldpolicyconference.com\/fr\/wp-json\/wp\/v2\/posts"}],"about":[{"href":"https:\/\/www.worldpolicyconference.com\/fr\/wp-json\/wp\/v2\/types\/post"}],"author":[{"embeddable":true,"href":"https:\/\/www.worldpolicyconference.com\/fr\/wp-json\/wp\/v2\/users\/3"}],"replies":[{"embeddable":true,"href":"https:\/\/www.worldpolicyconference.com\/fr\/wp-json\/wp\/v2\/comments?post=16323"}],"version-history":[{"count":0,"href":"https:\/\/www.worldpolicyconference.com\/fr\/wp-json\/wp\/v2\/posts\/16323\/revisions"}],"wp:featuredmedia":[{"embeddable":true,"href":"https:\/\/www.worldpolicyconference.com\/fr\/wp-json\/wp\/v2\/media\/16311"}],"wp:attachment":[{"href":"https:\/\/www.worldpolicyconference.com\/fr\/wp-json\/wp\/v2\/media?parent=16323"}],"wp:term":[{"taxonomy":"category","embeddable":true,"href":"https:\/\/www.worldpolicyconference.com\/fr\/wp-json\/wp\/v2\/categories?post=16323"},{"taxonomy":"post_tag","embeddable":true,"href":"https:\/\/www.worldpolicyconference.com\/fr\/wp-json\/wp\/v2\/tags?post=16323"}],"curies":[{"name":"wp","href":"https:\/\/api.w.org\/{rel}","templated":true}]}}