{"id":16327,"date":"2023-02-01T15:59:06","date_gmt":"2023-02-01T14:59:06","guid":{"rendered":"https:\/\/www.worldpolicyconference.com\/?p=16327"},"modified":"2023-02-01T15:59:06","modified_gmt":"2023-02-01T14:59:06","slug":"lenergie-du-desespoir","status":"publish","type":"post","link":"https:\/\/www.worldpolicyconference.com\/fr\/lenergie-du-desespoir\/","title":{"rendered":"L&rsquo;\u00e9nergie du d\u00e9sespoir"},"content":{"rendered":"<p>ARTICLE &#8211;\u00a0Le prix du gaz naturel, apr\u00e8s son spleen hivernal, co\u00fbtera en moyenne cette ann\u00e9e dix fois plus que dans les ann\u00e9es\u00a02010 &#8211; au moins, indique Philippe Chalmin. Or le prix de l&rsquo;\u00e9lectricit\u00e9 en d\u00e9pend\u2026<\/p>\n<p class=\"sc-14kwckt-6 gPHWRV\">\u00ab\u00a0L&rsquo;\u00e9nergie du d\u00e9sespoir\u00a0\u00bb, ce titre d&rsquo;un communiqu\u00e9 publi\u00e9 dans \u00ab\u00a0Les Echos\u00a0\u00bb d\u00e9but janvier, nous interpelle. Il \u00e9mane des industriels d&rsquo;un des plus remarquables p\u00f4les de comp\u00e9titivit\u00e9 &#8211; les fameux \u00ab\u00a0clusters\u00a0\u00bb fran\u00e7ais &#8211; allant du d\u00e9colletage de la vall\u00e9e de l&rsquo;Arve \u00e0 la Plastics Vall\u00e9e autour d&rsquo;Oyonnax\u00a0: 60\u00a0milliards d&rsquo;euros de richesse produite et 750.000 salari\u00e9s, un tissu industriel de PME et d&rsquo;ETI comme il en existe peu en France.<\/p>\n<p class=\"sc-14kwckt-6 gPHWRV\">Ils se trouvent accul\u00e9s aujourd&rsquo;hui par la hausse des prix de l&rsquo;\u00e9nergie et surtout de l&rsquo;\u00e9lectricit\u00e9 et r\u00e9clament la mise en place d&rsquo;\u00ab\u00a0un prix de l&rsquo;\u00e9lectricit\u00e9 \u00e9gal \u00e0 la moyenne pond\u00e9r\u00e9e des co\u00fbts de production\u00a0\u00bb. Comment ne pas les comprendre\u00a0?<\/p>\n<p>[&#8230;]<\/p>\n<p>Retrouvez l&rsquo;article \u00e9crit par Philippe Chalmin dans <a href=\"https:\/\/www.lesechos.fr\/idees-debats\/cercle\/lenergie-du-desespoir-1902049\">Les Echos<\/a>.<\/p>\n","protected":false},"excerpt":{"rendered":"<p>ARTICLE &#8211;\u00a0Le prix du gaz naturel, apr\u00e8s son spleen hivernal, co\u00fbtera en moyenne cette ann\u00e9e dix fois plus que dans les ann\u00e9es\u00a02010 &#8211; au moins, indique Philippe Chalmin. Or le<\/p>\n","protected":false},"author":3,"featured_media":16306,"comment_status":"closed","ping_status":"closed","sticky":false,"template":"","format":"standard","meta":{"footnotes":""},"categories":[23],"tags":[154],"class_list":["post-16327","post","type-post","status-publish","format-standard","has-post-thumbnail","hentry","category-news-room","tag-154"],"_links":{"self":[{"href":"https:\/\/www.worldpolicyconference.com\/fr\/wp-json\/wp\/v2\/posts\/16327","targetHints":{"allow":["GET"]}}],"collection":[{"href":"https:\/\/www.worldpolicyconference.com\/fr\/wp-json\/wp\/v2\/posts"}],"about":[{"href":"https:\/\/www.worldpolicyconference.com\/fr\/wp-json\/wp\/v2\/types\/post"}],"author":[{"embeddable":true,"href":"https:\/\/www.worldpolicyconference.com\/fr\/wp-json\/wp\/v2\/users\/3"}],"replies":[{"embeddable":true,"href":"https:\/\/www.worldpolicyconference.com\/fr\/wp-json\/wp\/v2\/comments?post=16327"}],"version-history":[{"count":0,"href":"https:\/\/www.worldpolicyconference.com\/fr\/wp-json\/wp\/v2\/posts\/16327\/revisions"}],"wp:featuredmedia":[{"embeddable":true,"href":"https:\/\/www.worldpolicyconference.com\/fr\/wp-json\/wp\/v2\/media\/16306"}],"wp:attachment":[{"href":"https:\/\/www.worldpolicyconference.com\/fr\/wp-json\/wp\/v2\/media?parent=16327"}],"wp:term":[{"taxonomy":"category","embeddable":true,"href":"https:\/\/www.worldpolicyconference.com\/fr\/wp-json\/wp\/v2\/categories?post=16327"},{"taxonomy":"post_tag","embeddable":true,"href":"https:\/\/www.worldpolicyconference.com\/fr\/wp-json\/wp\/v2\/tags?post=16327"}],"curies":[{"name":"wp","href":"https:\/\/api.w.org\/{rel}","templated":true}]}}