{"id":16349,"date":"2023-02-13T15:01:41","date_gmt":"2023-02-13T14:01:41","guid":{"rendered":"https:\/\/www.worldpolicyconference.com\/?p=16349"},"modified":"2023-02-13T15:01:41","modified_gmt":"2023-02-13T14:01:41","slug":"seisme-en-turquie-et-en-syrie-quelles-consequences-geopolitiques","status":"publish","type":"post","link":"https:\/\/www.worldpolicyconference.com\/fr\/seisme-en-turquie-et-en-syrie-quelles-consequences-geopolitiques\/","title":{"rendered":"\u00ab\u00a0S\u00e9isme en Turquie et en Syrie, quelles cons\u00e9quences g\u00e9opolitiques\u00a0?\u00a0\u00bb"},"content":{"rendered":"<p class=\"fig-standfirst\">TRIBUNE &#8211; Outre leur terrible bilan humain, les s\u00e9ismes auront \u00e9galement de lourdes r\u00e9percussions g\u00e9opolitiques, analyse le directeur de la chaire Moyen-Orient M\u00e9diterran\u00e9e \u00e0 l\u2019\u00c9cole normale sup\u00e9rieure qui rappelle que la r\u00e9gion frontali\u00e8re syro-turque est l\u2019un des principaux foyers de tensions au Moyen-Orient.<\/p>\n<div class=\"fig-content-body\" data-agora-base-url=\"https:\/\/connect.lefigaro.fr\" data-component=\"fig-content-body\" data-context=\"was @visible\" data-id=\"bGVmaWdhcm8uZnJfX2NhNTJkOGJjLWE5NzMtMTFlZC1iZjU1LTkzMmE1ZWZiZmVhMV9fQXJ0aWNsZQ==\" data-module=\"fig-body\" data-premium=\"true\">\n<div class=\"fig-newsletter-box fig-container\">\n<div data-module=\"fig-newsletter-box\" data-context=\"was @visible\" data-url=\"https:\/\/static.lefigaro.fr\/agora\/widget-newsletter\/fignewsletter-short-ttl.js\" data-variant=\"article\" data-site-name=\"lefigaro\"><\/div>\n<\/div>\n<p class=\"fig-paragraph\">Le\u00a0tremblement de terre qui a ravag\u00e9 la Turquie orientale et le Nord-Ouest syrien\u00a0dans les petites heures de lundi 6\u00a0f\u00e9vrier a caus\u00e9 un traumatisme dans la r\u00e9gion et une grande inqui\u00e9tude en Europe.<\/p>\n<p class=\"fig-paragraph\">Le nombre de morts s\u2019\u00e9l\u00e8ve d\u00e9j\u00e0 \u00e0 21.000 personnes, et des milliers de b\u00e2timents ont \u00e9t\u00e9 aplatis comme des ch\u00e2teaux de cartes, car beaucoup ne respectaient pas les normes de construction antisismique, d\u2019autant moins dans la Syrie d\u00e9vast\u00e9e par une d\u00e9cennie de guerre civile et de mauvaise gouvernance. De nombreuses \u00e9quipes de sauveteurs et du mat\u00e9riel ont \u00e9t\u00e9 envoy\u00e9s sur place par les gouvernements europ\u00e9ens, mais se sont heurt\u00e9s aux probl\u00e8mes g\u00e9opolitiques qui caract\u00e9risent la r\u00e9gion impact\u00e9e.<\/p>\n<p class=\"fig-paragraph\">[&#8230;]<\/p>\n<p>Retrouvez la tribune \u00e9crite par Gilles Kepel sur le site de <a href=\"https:\/\/www.lefigaro.fr\/vox\/monde\/gilles-kepel-seisme-en-turquie-et-en-syrie-quelles-consequences-geopolitiques-20230210\">Figaro Vox<\/a>.<\/p>\n<div id=\"fig-premium-paywall\" class=\"fig-premium-paywall\" data-js-gtm=\"{&quot;customAction&quot;:&quot;Affichage_Paywall_paywall_auto&quot;,&quot;customCategorie&quot;:&quot;conversion&quot;,&quot;customLabel&quot;:&quot;bGVmaWdhcm8uZnJfX2NhNTJkOGJjLWE5NzMtMTFlZC1iZjU1LTkzMmE1ZWZiZmVhMV9fQXJ0aWNsZQ==_Gilles Kepel: \\u00abS\\u00e9isme en Turquie et en Syrie, quelles cons\\u00e9quences g\\u00e9opolitiques?\\u00bb_130&quot;,&quot;event&quot;:&quot;customEventSPE&quot;}\" data-module=\"fig-paragraph-with-paywall\" data-context=\"was @visible\"><\/div>\n<\/div>\n","protected":false},"excerpt":{"rendered":"<p>TRIBUNE &#8211; Outre leur terrible bilan humain, les s\u00e9ismes auront \u00e9galement de lourdes r\u00e9percussions g\u00e9opolitiques, analyse le directeur de la chaire Moyen-Orient M\u00e9diterran\u00e9e \u00e0 l\u2019\u00c9cole normale sup\u00e9rieure qui rappelle que<\/p>\n","protected":false},"author":3,"featured_media":16350,"comment_status":"closed","ping_status":"closed","sticky":false,"template":"","format":"standard","meta":{"footnotes":""},"categories":[23],"tags":[154],"class_list":["post-16349","post","type-post","status-publish","format-standard","has-post-thumbnail","hentry","category-news-room","tag-154"],"_links":{"self":[{"href":"https:\/\/www.worldpolicyconference.com\/fr\/wp-json\/wp\/v2\/posts\/16349","targetHints":{"allow":["GET"]}}],"collection":[{"href":"https:\/\/www.worldpolicyconference.com\/fr\/wp-json\/wp\/v2\/posts"}],"about":[{"href":"https:\/\/www.worldpolicyconference.com\/fr\/wp-json\/wp\/v2\/types\/post"}],"author":[{"embeddable":true,"href":"https:\/\/www.worldpolicyconference.com\/fr\/wp-json\/wp\/v2\/users\/3"}],"replies":[{"embeddable":true,"href":"https:\/\/www.worldpolicyconference.com\/fr\/wp-json\/wp\/v2\/comments?post=16349"}],"version-history":[{"count":0,"href":"https:\/\/www.worldpolicyconference.com\/fr\/wp-json\/wp\/v2\/posts\/16349\/revisions"}],"wp:featuredmedia":[{"embeddable":true,"href":"https:\/\/www.worldpolicyconference.com\/fr\/wp-json\/wp\/v2\/media\/16350"}],"wp:attachment":[{"href":"https:\/\/www.worldpolicyconference.com\/fr\/wp-json\/wp\/v2\/media?parent=16349"}],"wp:term":[{"taxonomy":"category","embeddable":true,"href":"https:\/\/www.worldpolicyconference.com\/fr\/wp-json\/wp\/v2\/categories?post=16349"},{"taxonomy":"post_tag","embeddable":true,"href":"https:\/\/www.worldpolicyconference.com\/fr\/wp-json\/wp\/v2\/tags?post=16349"}],"curies":[{"name":"wp","href":"https:\/\/api.w.org\/{rel}","templated":true}]}}