{"id":16368,"date":"2023-02-27T15:02:54","date_gmt":"2023-02-27T14:02:54","guid":{"rendered":"https:\/\/www.worldpolicyconference.com\/?p=16368"},"modified":"2023-02-27T15:02:54","modified_gmt":"2023-02-27T14:02:54","slug":"linflation-reduction-act-americain-pousse-a-sinterroger-sur-la-strategie-de-lunion-europeenne-en-matiere-climatique","status":"publish","type":"post","link":"https:\/\/www.worldpolicyconference.com\/fr\/linflation-reduction-act-americain-pousse-a-sinterroger-sur-la-strategie-de-lunion-europeenne-en-matiere-climatique\/","title":{"rendered":"L\u2019Inflation Reduction Act am\u00e9ricain pousse \u00e0 s\u2019interroger sur la strat\u00e9gie de l\u2019Union europ\u00e9enne en mati\u00e8re climatique"},"content":{"rendered":"<p class=\"fig-standfirst\">La politique climatique am\u00e9ricaine (400\u00a0milliards de dollars de subventions en dix ans) pose un grave probl\u00e8me de comp\u00e9titivit\u00e9 \u00e0 l\u2019Europe, qui doit \u00e9viter tout \u00e0 la fois l\u2019orni\u00e8re du protectionnisme et la na\u00efvet\u00e9, analyse l\u2019\u00e9conomiste dans sa chronique.<\/p>\n<div class=\"fig-content-body\" data-agora-base-url=\"https:\/\/connect.lefigaro.fr\" data-component=\"fig-content-body\" data-context=\"was @visible\" data-id=\"bGVmaWdhcm8uZnJfX2RmOGI4NDdmLWI0NTctMTFlZC04ZmYwLWEwMzY5ZjkxZjMwNF9fQXJ0aWNsZQ==\" data-module=\"fig-body\" data-premium=\"true\">\n<div id=\"fig-premium-paywall\" class=\"fig-premium-paywall\" data-js-gtm=\"{&quot;customAction&quot;:&quot;Affichage_Paywall_paywall_auto&quot;,&quot;customCategorie&quot;:&quot;conversion&quot;,&quot;customLabel&quot;:&quot;bGVmaWdhcm8uZnJfX2RmOGI4NDdmLWI0NTctMTFlZC04ZmYwLWEwMzY5ZjkxZjMwNF9fQXJ0aWNsZQ==_Gilles Kepel: \\u00abUn an apr\\u00e8s, la guerre en Ukraine bouleverse les \\u00e9quilibres du Moyen-Orient\\u00bb_744&quot;,&quot;event&quot;:&quot;customEventSPE&quot;}\" data-module=\"fig-paragraph-with-paywall\" data-context=\"was @visible\">E<span style=\"font-size: 1rem;\">n\u00a02019, l\u2019Union europ\u00e9enne (UE) paraissait assur\u00e9e de pouvoir compter pour longtemps sur un gaz russe abondant et bon march\u00e9. <\/span>C\u2019est dans ce contexte qu\u2019elle a lanc\u00e9 son Pacte vert<em style=\"font-size: 1rem;\">. <\/em><span style=\"font-size: 1rem;\">De cette initiative, elle attendait d\u2019abord l\u2019affirmation d\u2019un leadership mondial sur le climat, mais elle esp\u00e9rait aussi le gain d\u2019avantages concurrentiels dans les produits et les industries de demain.<\/span><\/p>\n<p class=\"article__paragraph \">Le pari valait la peine d\u2019\u00eatre tent\u00e9, mais la strat\u00e9gie de transition reposait beaucoup sur le gaz\u00a0: celui-ci se substituerait, dans un premier temps, au fioul et au charbon, et, en attendant qu\u2019hydrog\u00e8ne et stockage de l\u2019\u00e9lectricit\u00e9 d\u2019origine renouvelable aient trouv\u00e9 leur mod\u00e8le \u00e9conomique, il y serait fait appel dans les p\u00e9riodes sans soleil ni vent.<\/p>\n<p class=\"article__paragraph \">Mais, aujourd\u2019hui, l\u2019interruption des livraisons russes oblige l\u2019UE \u00e0 se passer du gaz beaucoup plus rapidement que pr\u00e9vu. Baisse de la demande et recours au gaz naturel liqu\u00e9fi\u00e9 ont permis d\u2019\u00e9viter les p\u00e9nuries, mais le co\u00fbt de l\u2019\u00e9nergie pour les usages industriels est aujourd\u2019hui deux fois plus \u00e9lev\u00e9 qu\u2019outre-Atlantique. L\u2019Europe fait donc face \u00e0 un probl\u00e8me de comp\u00e9titivit\u00e9 aggrav\u00e9 et tr\u00e8s probablement durable.<\/p>\n<p class=\"article__paragraph \">L\u2019autre changement dans le paysage est <a href=\"https:\/\/www.lemonde.fr\/international\/article\/2022\/08\/07\/etats-unis-le-senat-adopte-le-plan-anti-inflation-une-victoire-pour-joe-biden_6137439_3210.html\">le virage pris par les Etats-Unis avec l\u2019Inflation Reduction Act<\/a> (IRA) de 2022. Pour mettre fin au blocage qui pr\u00e9valait au Congr\u00e8s, l\u2019administration Biden et la majorit\u00e9 d\u00e9mocrate ont fait le choix d\u2019une strat\u00e9gie climatique qui repose exclusivement sur les subventions. Ne sont pr\u00e9vus ni fiscalit\u00e9 carbone, ni obligations r\u00e9glementaires, ni \u00e9limination des \u00e9nergies fossiles. L\u2019administration fait le pari que, si les entreprises y sont suffisamment encourag\u00e9es, elles investiront dans les technologies vertes.<\/p>\n<h2 class=\"article__sub-title\">Ambitions revues \u00e0 la baisse<\/h2>\n<p class=\"article__paragraph \">L\u2019IRA pr\u00e9voit ainsi, en mati\u00e8re climatique, des subventions et des cr\u00e9dits d\u2019imp\u00f4t d\u2019un montant de 400\u00a0milliards de dollars sur dix ans, selon les estimations du Congressional Budget Office, et peut-\u00eatre du double, selon celles du Credit Suisse \u2013 le co\u00fbt total d\u00e9pendra du succ\u00e8s des dispositifs mis en place.<\/p>\n<\/div>\n<\/div>\n<section class=\"paywall\">\n<section class=\"paywall__container \">\n<section id=\"js-paywall-content\" class=\"paywall__content\">\n<header class=\"paywall__header\">\n<div class=\"paywall__next\">[&#8230;]<\/div>\n<div><\/div>\n<\/header>\n<\/section>\n<\/section>\n<\/section>\n<p>Retrouvez l&rsquo;int\u00e9gralit\u00e9 de la tribune sur le site du <em><a href=\"https:\/\/www.lemonde.fr\/idees\/article\/2023\/02\/25\/jean-pisani-ferry-l-inflation-reduction-act-americain-pousse-a-s-interroger-sur-la-strategie-de-l-union-europeenne-en-matiere-climatique_6163250_3232.html\">Monde<\/a><\/em>.<\/p>\n","protected":false},"excerpt":{"rendered":"<p>La politique climatique am\u00e9ricaine (400\u00a0milliards de dollars de subventions en dix ans) pose un grave probl\u00e8me de comp\u00e9titivit\u00e9 \u00e0 l\u2019Europe, qui doit \u00e9viter tout \u00e0 la fois l\u2019orni\u00e8re du protectionnisme<\/p>\n","protected":false},"author":3,"featured_media":16367,"comment_status":"closed","ping_status":"closed","sticky":false,"template":"","format":"standard","meta":{"footnotes":""},"categories":[23],"tags":[154],"class_list":["post-16368","post","type-post","status-publish","format-standard","has-post-thumbnail","hentry","category-news-room","tag-154"],"_links":{"self":[{"href":"https:\/\/www.worldpolicyconference.com\/fr\/wp-json\/wp\/v2\/posts\/16368","targetHints":{"allow":["GET"]}}],"collection":[{"href":"https:\/\/www.worldpolicyconference.com\/fr\/wp-json\/wp\/v2\/posts"}],"about":[{"href":"https:\/\/www.worldpolicyconference.com\/fr\/wp-json\/wp\/v2\/types\/post"}],"author":[{"embeddable":true,"href":"https:\/\/www.worldpolicyconference.com\/fr\/wp-json\/wp\/v2\/users\/3"}],"replies":[{"embeddable":true,"href":"https:\/\/www.worldpolicyconference.com\/fr\/wp-json\/wp\/v2\/comments?post=16368"}],"version-history":[{"count":0,"href":"https:\/\/www.worldpolicyconference.com\/fr\/wp-json\/wp\/v2\/posts\/16368\/revisions"}],"wp:featuredmedia":[{"embeddable":true,"href":"https:\/\/www.worldpolicyconference.com\/fr\/wp-json\/wp\/v2\/media\/16367"}],"wp:attachment":[{"href":"https:\/\/www.worldpolicyconference.com\/fr\/wp-json\/wp\/v2\/media?parent=16368"}],"wp:term":[{"taxonomy":"category","embeddable":true,"href":"https:\/\/www.worldpolicyconference.com\/fr\/wp-json\/wp\/v2\/categories?post=16368"},{"taxonomy":"post_tag","embeddable":true,"href":"https:\/\/www.worldpolicyconference.com\/fr\/wp-json\/wp\/v2\/tags?post=16368"}],"curies":[{"name":"wp","href":"https:\/\/api.w.org\/{rel}","templated":true}]}}