{"id":16413,"date":"2023-03-24T12:22:32","date_gmt":"2023-03-24T11:22:32","guid":{"rendered":"https:\/\/www.worldpolicyconference.com\/?p=16413"},"modified":"2023-03-24T12:22:32","modified_gmt":"2023-03-24T11:22:32","slug":"sahel-et-afrique-de-louest-a-lheure-de-lemancipation","status":"publish","type":"post","link":"https:\/\/www.worldpolicyconference.com\/fr\/sahel-et-afrique-de-louest-a-lheure-de-lemancipation\/","title":{"rendered":"Sahel et Afrique de l\u2019Ouest\u00a0: \u00e0 l\u2019heure de l\u2019\u00e9mancipation\u00a0?"},"content":{"rendered":"<p><a href=\"https:\/\/www.worldpolicyconference.com\/wp-content\/uploads\/2019\/10\/rfi_carre.png\"><img decoding=\"async\" class=\"alignnone size-full wp-image-13195\" src=\"https:\/\/www.worldpolicyconference.com\/wp-content\/uploads\/2019\/10\/rfi_carre.png\" alt=\"\" width=\"149\" height=\"149\" srcset=\"https:\/\/www.worldpolicyconference.com\/wp-content\/uploads\/2019\/10\/rfi_carre.png 149w, https:\/\/www.worldpolicyconference.com\/wp-content\/uploads\/2019\/10\/rfi_carre-100x100.png 100w\" sizes=\"(max-width: 149px) 100vw, 149px\" \/><\/a><\/p>\n<p>18.12.2022<\/p>\n<p>G\u00e9opolitique enregistr\u00e9e \u00e0 Abou Dhabi o\u00f9 s\u2019est achev\u00e9e, le 11 d\u00e9cembre 2022, la 15\u00e8me \u00e9dition de la World Policy Conference. L\u2019occasion pour chercheurs, politiques, \u00e9conomistes, intellectuels d\u2019\u00e9changer pendant trois jours sur la situation internationale et les grands enjeux g\u00e9opolitiques.<\/p>\n<p>Au Sahel et en Afrique de l\u2019Ouest, l\u2019ann\u00e9e 2022 a \u00e9t\u00e9 agit\u00e9e, entre les coups d\u2019\u00c9tat \u00e0 r\u00e9p\u00e9tition, le d\u00e9part de la force Barkhane du Mali, la mont\u00e9e du sentiment anti-fran\u00e7ais, la pouss\u00e9e du terrorisme jihadiste vers les \u00c9tats du Golfe de Guin\u00e9e comme le B\u00e9nin, le Togo, le Ghana et la C\u00f4te d\u2019Ivoire, sans oublier la controverse suscit\u00e9e par le position de plusieurs pays africains par rapport \u00e0 l\u2019invasion russe de l\u2019Ukraine&#8230;<\/p>\n<p>Comment lutter efficacement contre l\u2019expansionnisme des groupes arm\u00e9s jihadistes? Que traduit l\u2019accaparement du pouvoir par les militaires au Mali, au Burkina Faso, en Guin\u00e9e et au Tchad ? Quels b\u00e9n\u00e9fices et quels risques \u00e0 faire alliance avec la Chine ou la Russie ? Peut-on parler de volont\u00e9 d\u2019\u00e9mancipation par rapport \u00e0 l\u2019Occident et \u00e0 la France, ancienne puissance coloniale ? Quel mod\u00e8le de d\u00e9veloppement les Africains souhaitent-ils ?<\/p>\n<p><strong><u>Trois invit\u00e9s :<\/u><\/strong><\/p>\n<p>&#8211; <strong>Cheikh Tidiane Gadio<\/strong>, pr\u00e9sident de l\u2019Institut panafricain de Strat\u00e9gie (Paix-S\u00e9curit\u00e9-Gouvernance) et ancien ministre des Affaires \u00c9trang\u00e8res du S\u00e9n\u00e9gal<\/p>\n<p>&#8211; <strong>Alain Antil<\/strong>, directeur du Centre Afrique Subsaharienne de l\u2019IFRI, l\u2019Institut fran\u00e7ais de Relations Internationales.<\/p>\n<p>&#8211; <strong>Jean-Michel S\u00e9v\u00e9rino<\/strong>, pr\u00e9sident d\u2019Investisseurs et partenaires, directeur de recherche \u00e0 la FERDI, Fondation pour les \u00c9tudes et la Recherche sur le D\u00e9veloppement International, auteur de \u00abEntreprenante Afrique\u00bb chez Odile Jacob.<\/p>\n<p>Par Chantal Lorho.<\/p>\n<p><a href=\"https:\/\/www.rfi.fr\/fr\/podcasts\/g%C3%A9opolitique\/20221218-sahel-et-afrique-de-l-ouest-%C3%A0-l-heure-de-l-%C3%A9mancipation\">\u00c9couter le podcast sur RFI<\/a>.<\/p>\n","protected":false},"excerpt":{"rendered":"<p>18.12.2022 G\u00e9opolitique enregistr\u00e9e \u00e0 Abou Dhabi o\u00f9 s\u2019est achev\u00e9e, le 11 d\u00e9cembre 2022, la 15\u00e8me \u00e9dition de la World Policy Conference. L\u2019occasion pour chercheurs, politiques, \u00e9conomistes, intellectuels d\u2019\u00e9changer pendant trois<\/p>\n","protected":false},"author":3,"featured_media":0,"comment_status":"closed","ping_status":"closed","sticky":false,"template":"","format":"standard","meta":{"footnotes":""},"categories":[4],"tags":[153],"class_list":["post-16413","post","type-post","status-publish","format-standard","hentry","category-press-review","tag-153"],"_links":{"self":[{"href":"https:\/\/www.worldpolicyconference.com\/fr\/wp-json\/wp\/v2\/posts\/16413","targetHints":{"allow":["GET"]}}],"collection":[{"href":"https:\/\/www.worldpolicyconference.com\/fr\/wp-json\/wp\/v2\/posts"}],"about":[{"href":"https:\/\/www.worldpolicyconference.com\/fr\/wp-json\/wp\/v2\/types\/post"}],"author":[{"embeddable":true,"href":"https:\/\/www.worldpolicyconference.com\/fr\/wp-json\/wp\/v2\/users\/3"}],"replies":[{"embeddable":true,"href":"https:\/\/www.worldpolicyconference.com\/fr\/wp-json\/wp\/v2\/comments?post=16413"}],"version-history":[{"count":0,"href":"https:\/\/www.worldpolicyconference.com\/fr\/wp-json\/wp\/v2\/posts\/16413\/revisions"}],"wp:attachment":[{"href":"https:\/\/www.worldpolicyconference.com\/fr\/wp-json\/wp\/v2\/media?parent=16413"}],"wp:term":[{"taxonomy":"category","embeddable":true,"href":"https:\/\/www.worldpolicyconference.com\/fr\/wp-json\/wp\/v2\/categories?post=16413"},{"taxonomy":"post_tag","embeddable":true,"href":"https:\/\/www.worldpolicyconference.com\/fr\/wp-json\/wp\/v2\/tags?post=16413"}],"curies":[{"name":"wp","href":"https:\/\/api.w.org\/{rel}","templated":true}]}}