{"id":16433,"date":"2023-03-27T10:40:01","date_gmt":"2023-03-27T09:40:01","guid":{"rendered":"https:\/\/www.worldpolicyconference.com\/?p=16433"},"modified":"2023-03-27T10:40:01","modified_gmt":"2023-03-27T09:40:01","slug":"le-benin-presente-ses-reformes-a-15eme-edition-de-la-wpc","status":"publish","type":"post","link":"https:\/\/www.worldpolicyconference.com\/fr\/le-benin-presente-ses-reformes-a-15eme-edition-de-la-wpc\/","title":{"rendered":"Le B\u00e9nin pr\u00e9sente ses r\u00e9formes \u00e0 15\u00e8me \u00e9dition de la WPC"},"content":{"rendered":"<p><a href=\"https:\/\/www.worldpolicyconference.com\/wp-content\/uploads\/2023\/03\/24heuresaubenin.png\"><img decoding=\"async\" class=\"alignnone size-full wp-image-16434\" src=\"https:\/\/www.worldpolicyconference.com\/wp-content\/uploads\/2023\/03\/24heuresaubenin.png\" alt=\"\" width=\"136\" height=\"136\" srcset=\"https:\/\/www.worldpolicyconference.com\/wp-content\/uploads\/2023\/03\/24heuresaubenin.png 136w, https:\/\/www.worldpolicyconference.com\/wp-content\/uploads\/2023\/03\/24heuresaubenin-100x100.png 100w\" sizes=\"(max-width: 136px) 100vw, 136px\" \/><\/a><\/p>\n<p>13.12.2022<\/p>\n<p>Le B\u00e9nin a \u00e9t\u00e9 invit\u00e9 \u00e0 pr\u00e9senter ses r\u00e9formes \u00e0 la 15eme \u00e9dition de la World Policy Conference (WPC) tenue \u00e0 Abu Dabi du 9 au 11 d\u00e9cembre 2022.<\/p>\n<p>Les travaux de cette \u00e9dition \u00e9taient ax\u00e9s sur \u00ab l\u2019ordre \u00e9conomique international, le Sahel et l\u2019Afrique de l\u2019Ouest, la rivalit\u00e9 sino-am\u00e9ricaine, l\u2019avenir de l\u2019Union europ\u00e9enne, le changement climatique et la transition \u00e9nerg\u00e9tique, la sant\u00e9 publique, la s\u00e9curit\u00e9 alimentaire, et bien d\u2019autres sujets\u00bb.<\/p>\n<p>Le vendredi 9 d\u00e9cembre, le ministre d\u2019\u00c9tat, Romuald Wadagni est intervenu lors de la session pl\u00e9ni\u00e8re 5 intitul\u00e9e : \u00ab Le Sahel et l\u2019Afrique de l\u2019Ouest : g\u00e9opolitique et g\u00e9o\u00e9conomie \u00bb. Il avait \u00e0 aux c\u00f4t\u00e9s du G\u00e9n\u00e9ral Francis A. Behanzin, pr\u00e9sident co-fondateur du R\u00e9seau mondial des professionnels de s\u00e9curit\u00e9 et de d\u00e9fense pour la pr\u00e9vention et la lutte contre le terrorisme ; Un repr\u00e9sentant de la Banque ouest-africaine de d\u00e9veloppement (BOAD) et Manasseh Nshuti, ministre d\u2019\u00c9tat aux Affaires \u00e9trang\u00e8res du Rwanda<\/p>\n<p><em>Excellents \u00e9changes avec Thierry de Montbrial sur les probl\u00e9matiques \u00e9conomiques et sociales pr\u00e9sentes au Sahel et en Afrique de l\u2019Ouest \u00e0 l\u2019occasion de la 15e \u00e9dition de la World Policy Conference.<\/em><\/p>\n<p><em>\u00a0<\/em><em>Entre enjeux climatiques, extr\u00eame pauvret\u00e9 hors des villes et influence croissante des mouvements terroristes, le Sahel et l\u2019Afrique de l\u2019Ouest doivent \u00e9galement faire face \u00e0 une gouvernance instable et \u00e0 un faible niveau de formation du capital humain.<\/em><\/p>\n<p><em>\u00a0<\/em><em>Le #B\u00e9nin est pleinement engag\u00e9 depuis 2016 pour la #formation des #jeunes et la lutte contre l\u2019extr\u00eame pauvret\u00e9.<\/em><\/p>\n<p><em>\u00a0<\/em><em>Notre \u00e9conomie est en marche. Avec un taux de croissance de 7,2% en 2021, notre pays a aujourd\u2019hui l\u2019un des taux d\u2019inflation les plus faibles d\u2019Afrique. \ud83c\udde7\ud83c\uddef RW<\/em><\/p>\n<p><strong>A propos de WPC<\/strong><\/p>\n<p>La mission de la World Policy Conference est de contribuer \u00e0 promouvoir un monde plus ouvert, plus prosp\u00e8re et plus juste. Fond\u00e9e en 2008 par Thierry de Montbrial, pr\u00e9sident de l\u2019Institut fran\u00e7ais des relations internationales (Ifri), la WPC offre \u00ab un espace de r\u00e9flexion et de dialogue essentiel autour des grands enjeux de la gouvernance mondiale, tout en permettant \u00e0 ses participants de d\u00e9velopper des liens durables \u00bb.<\/p>\n<p>Par Judica\u00ebl Zohoun.<\/p>\n<p><a href=\"https:\/\/www.24haubenin.info\/?Le-Benin-invite-a-presenter-ses-reformes-a-15eme-edition-de-la-WPC\">Lire l&rsquo;article sur 24 Heures au B\u00e9nin<\/a>.<\/p>\n","protected":false},"excerpt":{"rendered":"<p>13.12.2022 Le B\u00e9nin a \u00e9t\u00e9 invit\u00e9 \u00e0 pr\u00e9senter ses r\u00e9formes \u00e0 la 15eme \u00e9dition de la World Policy Conference (WPC) tenue \u00e0 Abu Dabi du 9 au 11 d\u00e9cembre 2022.<\/p>\n","protected":false},"author":3,"featured_media":0,"comment_status":"closed","ping_status":"closed","sticky":false,"template":"","format":"standard","meta":{"footnotes":""},"categories":[4],"tags":[153],"class_list":["post-16433","post","type-post","status-publish","format-standard","hentry","category-press-review","tag-153"],"_links":{"self":[{"href":"https:\/\/www.worldpolicyconference.com\/fr\/wp-json\/wp\/v2\/posts\/16433","targetHints":{"allow":["GET"]}}],"collection":[{"href":"https:\/\/www.worldpolicyconference.com\/fr\/wp-json\/wp\/v2\/posts"}],"about":[{"href":"https:\/\/www.worldpolicyconference.com\/fr\/wp-json\/wp\/v2\/types\/post"}],"author":[{"embeddable":true,"href":"https:\/\/www.worldpolicyconference.com\/fr\/wp-json\/wp\/v2\/users\/3"}],"replies":[{"embeddable":true,"href":"https:\/\/www.worldpolicyconference.com\/fr\/wp-json\/wp\/v2\/comments?post=16433"}],"version-history":[{"count":0,"href":"https:\/\/www.worldpolicyconference.com\/fr\/wp-json\/wp\/v2\/posts\/16433\/revisions"}],"wp:attachment":[{"href":"https:\/\/www.worldpolicyconference.com\/fr\/wp-json\/wp\/v2\/media?parent=16433"}],"wp:term":[{"taxonomy":"category","embeddable":true,"href":"https:\/\/www.worldpolicyconference.com\/fr\/wp-json\/wp\/v2\/categories?post=16433"},{"taxonomy":"post_tag","embeddable":true,"href":"https:\/\/www.worldpolicyconference.com\/fr\/wp-json\/wp\/v2\/tags?post=16433"}],"curies":[{"name":"wp","href":"https:\/\/api.w.org\/{rel}","templated":true}]}}