{"id":16440,"date":"2023-03-27T10:52:30","date_gmt":"2023-03-27T09:52:30","guid":{"rendered":"https:\/\/www.worldpolicyconference.com\/?p=16440"},"modified":"2023-03-27T10:52:30","modified_gmt":"2023-03-27T09:52:30","slug":"aminata-toure-pour-la-redefinition-des-relations-entre-lafrique-et-le-reste-du-monde","status":"publish","type":"post","link":"https:\/\/www.worldpolicyconference.com\/fr\/aminata-toure-pour-la-redefinition-des-relations-entre-lafrique-et-le-reste-du-monde\/","title":{"rendered":"Aminata Tour\u00e9 pour la red\u00e9finition des relations entre l\u2019Afrique et le reste du monde"},"content":{"rendered":"<p><a href=\"https:\/\/www.worldpolicyconference.com\/wp-content\/uploads\/2023\/03\/xibaaru.png\"><img decoding=\"async\" class=\"alignnone size-full wp-image-16441\" src=\"https:\/\/www.worldpolicyconference.com\/wp-content\/uploads\/2023\/03\/xibaaru.png\" alt=\"\" width=\"112\" height=\"80\" \/><\/a><\/p>\n<p>10.12.2022<\/p>\n<p>Aminata Tour\u00e9, d\u00e9put\u00e9e \u00e0 l\u2019Assembl\u00e9e nationale s\u00e9n\u00e9galaise, \u00e9tait pr\u00e9sente \u00e0 la 15e \u00e9dition de la Worl Policy Conference (WPC). L\u2019ancienne Premi\u00e8re Ministre intervenait lors de la pl\u00e9ni\u00e8re \u00ab Geoeconomics and Development in a Fragmented World \u00bb pour \u00e9voquer la place du continent Africain dans la g\u00e9opolitique mondiale.<\/p>\n<p>S\u2019adressant aux intervenants, Aminata Tour\u00e9 explique qu\u2019il est fondamental de permettre aux femmes (51% de la population) de contribuer aux d\u00e9cisions sociales, \u00e9conomiques, etc. Pour elle, il serait temps que l\u2019on ait une bonne cartographie du terrorisme si l\u2019on veut s\u00e9rieusement r\u00e9gler la question.<\/p>\n<p>L\u2019ancienne Premi\u00e8re Ministre invite, aussi, \u00e0 un dialogue sur les contentieux pour red\u00e9finir les relations entre l\u2019Afrique et l\u2019Europe, les \u00c9tats-Unis et le reste du monde. L\u2019Afrique a bien compris qu\u2019il faut investir sur ses femmes, ses jeunes et ses institutions.<\/p>\n<p>\u00ab Lors de la r\u00e9union annuelle du World Policy Conference de Abu Dhabi sur la Gouvernance globale qui a vu la pr\u00e9sence de nombreux leaders du secteur priv\u00e9 international, d\u2019anciens chefs de gouvernements, de ministres et chercheurs, nous avons fait remarquer que l\u2019absence au Conseil de S\u00e9curit\u00e9 de l\u2019Afrique qui est compos\u00e9e de 54 pays n\u2019a aucun sens, plus de 70 apr\u00e8s la cr\u00e9ation des Nations Unies.<\/p>\n<p>Nous leur avons aussi fait savoir lors de ce panel d\u2019ouverture, qui avait pour th\u00e8me \u00ab Une g\u00e9o-\u00e9conomie du D\u00e9veloppement international dans un monde fragment\u00e9 \u00bb, que pour cr\u00e9dibiliser le discours sur la gouvernance mondiale, il faut commencer par r\u00e9parer cette situation injuste qui n\u2019a que trop dur\u00e9. Nous avons par ailleurs plaid\u00e9 pour la reconnaissance de la contribution significative des femmes \u00e0 l\u2019\u00e9conomie mondiale et la n\u00e9cessit\u00e9 de leur accorder plus de place, de soutien et de respect \u00bb, a \u00e9crit Aminata Tour\u00e9 sur Facebook parcouru par <strong>Xibaaru<\/strong>.<\/p>\n<p>Par Niakaar.<\/p>\n<p><a href=\"https:\/\/www.xibaaru.sn\/aminata-toure-pour-la-redefinition-les-relations-entre-lafrique-et-le-reste-du-monde\/\">Lire l&rsquo;article sur Xibaaru<\/a>.<\/p>\n","protected":false},"excerpt":{"rendered":"<p>10.12.2022 Aminata Tour\u00e9, d\u00e9put\u00e9e \u00e0 l\u2019Assembl\u00e9e nationale s\u00e9n\u00e9galaise, \u00e9tait pr\u00e9sente \u00e0 la 15e \u00e9dition de la Worl Policy Conference (WPC). L\u2019ancienne Premi\u00e8re Ministre intervenait lors de la pl\u00e9ni\u00e8re \u00ab Geoeconomics<\/p>\n","protected":false},"author":3,"featured_media":0,"comment_status":"closed","ping_status":"closed","sticky":false,"template":"","format":"standard","meta":{"footnotes":""},"categories":[4],"tags":[153],"class_list":["post-16440","post","type-post","status-publish","format-standard","hentry","category-press-review","tag-153"],"_links":{"self":[{"href":"https:\/\/www.worldpolicyconference.com\/fr\/wp-json\/wp\/v2\/posts\/16440","targetHints":{"allow":["GET"]}}],"collection":[{"href":"https:\/\/www.worldpolicyconference.com\/fr\/wp-json\/wp\/v2\/posts"}],"about":[{"href":"https:\/\/www.worldpolicyconference.com\/fr\/wp-json\/wp\/v2\/types\/post"}],"author":[{"embeddable":true,"href":"https:\/\/www.worldpolicyconference.com\/fr\/wp-json\/wp\/v2\/users\/3"}],"replies":[{"embeddable":true,"href":"https:\/\/www.worldpolicyconference.com\/fr\/wp-json\/wp\/v2\/comments?post=16440"}],"version-history":[{"count":0,"href":"https:\/\/www.worldpolicyconference.com\/fr\/wp-json\/wp\/v2\/posts\/16440\/revisions"}],"wp:attachment":[{"href":"https:\/\/www.worldpolicyconference.com\/fr\/wp-json\/wp\/v2\/media?parent=16440"}],"wp:term":[{"taxonomy":"category","embeddable":true,"href":"https:\/\/www.worldpolicyconference.com\/fr\/wp-json\/wp\/v2\/categories?post=16440"},{"taxonomy":"post_tag","embeddable":true,"href":"https:\/\/www.worldpolicyconference.com\/fr\/wp-json\/wp\/v2\/tags?post=16440"}],"curies":[{"name":"wp","href":"https:\/\/api.w.org\/{rel}","templated":true}]}}