{"id":16442,"date":"2023-03-27T10:54:28","date_gmt":"2023-03-27T09:54:28","guid":{"rendered":"https:\/\/www.worldpolicyconference.com\/?p=16442"},"modified":"2023-03-27T10:54:28","modified_gmt":"2023-03-27T09:54:28","slug":"le-coup-de-gueule-strident-de-aminata-toure-ca-na-aucun-sens","status":"publish","type":"post","link":"https:\/\/www.worldpolicyconference.com\/fr\/le-coup-de-gueule-strident-de-aminata-toure-ca-na-aucun-sens\/","title":{"rendered":"Le coup de gueule strident de Aminata Tour\u00e9 : \u00ab \u00c7a n\u2019a aucun sens \u00bb"},"content":{"rendered":"<p><a href=\"https:\/\/www.worldpolicyconference.com\/wp-content\/uploads\/2023\/03\/sene-news.png\"><img decoding=\"async\" class=\"alignnone size-full wp-image-16443\" src=\"https:\/\/www.worldpolicyconference.com\/wp-content\/uploads\/2023\/03\/sene-news.png\" alt=\"\" width=\"335\" height=\"78\" srcset=\"https:\/\/www.worldpolicyconference.com\/wp-content\/uploads\/2023\/03\/sene-news.png 335w, https:\/\/www.worldpolicyconference.com\/wp-content\/uploads\/2023\/03\/sene-news-300x70.png 300w\" sizes=\"(max-width: 335px) 100vw, 335px\" \/><\/a><\/p>\n<p>09.12.2022<\/p>\n<p>La r\u00e9union annuelle du Think Tank \u00abWorld Policy Conf\u00e9rence\u00bb tient ses assises \u00e0 Abu Dhabi en pr\u00e9sence de nombreux leaders du secteur priv\u00e9 international, d\u2019anciens chefs de gouvernements, de ministres et chercheurs.<\/p>\n<p>Aminata Tour\u00e9 dans le panel d\u2019ouverture sur le th\u00e8me \u00ab Une g\u00e9o-\u00e9conomie du D\u00e9veloppement international dans un monde fragment\u00e9 \u00bb a fait remarquer que l\u2019absence de au Conseil de S\u00e9curit\u00e9 de l\u2019Afrique compos\u00e9e de 54 pays n\u2019a aucun sens, plus de 70 apr\u00e8s la cr\u00e9ation des Nations Unies.<\/p>\n<p>Selon elle, pour cr\u00e9dibiliser le discours sur la gouvernance mondiale il faut commencer par r\u00e9parer cette situation injuste qui n\u2019a que trop dur\u00e9. Aminata Tour\u00e9 a aussi plaid\u00e9 pour la reconnaissance de la contribution significative des femmes \u00e0 l\u2019\u00e9conomie mondiale et la n\u00e9cessit\u00e9 de leur accorder plus de place, de soutien et de respect.<\/p>\n<p><a href=\"https:\/\/www.senenews.com\/actualites\/le-coup-de-gueule-strident-de-aminata-toure-ca-na-aucun-sens_427824.html\">Lire l&rsquo;article sur sene.news<\/a>.<\/p>\n","protected":false},"excerpt":{"rendered":"<p>09.12.2022 La r\u00e9union annuelle du Think Tank \u00abWorld Policy Conf\u00e9rence\u00bb tient ses assises \u00e0 Abu Dhabi en pr\u00e9sence de nombreux leaders du secteur priv\u00e9 international, d\u2019anciens chefs de gouvernements, de<\/p>\n","protected":false},"author":3,"featured_media":0,"comment_status":"closed","ping_status":"closed","sticky":false,"template":"","format":"standard","meta":{"footnotes":""},"categories":[4],"tags":[153],"class_list":["post-16442","post","type-post","status-publish","format-standard","hentry","category-press-review","tag-153"],"_links":{"self":[{"href":"https:\/\/www.worldpolicyconference.com\/fr\/wp-json\/wp\/v2\/posts\/16442","targetHints":{"allow":["GET"]}}],"collection":[{"href":"https:\/\/www.worldpolicyconference.com\/fr\/wp-json\/wp\/v2\/posts"}],"about":[{"href":"https:\/\/www.worldpolicyconference.com\/fr\/wp-json\/wp\/v2\/types\/post"}],"author":[{"embeddable":true,"href":"https:\/\/www.worldpolicyconference.com\/fr\/wp-json\/wp\/v2\/users\/3"}],"replies":[{"embeddable":true,"href":"https:\/\/www.worldpolicyconference.com\/fr\/wp-json\/wp\/v2\/comments?post=16442"}],"version-history":[{"count":0,"href":"https:\/\/www.worldpolicyconference.com\/fr\/wp-json\/wp\/v2\/posts\/16442\/revisions"}],"wp:attachment":[{"href":"https:\/\/www.worldpolicyconference.com\/fr\/wp-json\/wp\/v2\/media?parent=16442"}],"wp:term":[{"taxonomy":"category","embeddable":true,"href":"https:\/\/www.worldpolicyconference.com\/fr\/wp-json\/wp\/v2\/categories?post=16442"},{"taxonomy":"post_tag","embeddable":true,"href":"https:\/\/www.worldpolicyconference.com\/fr\/wp-json\/wp\/v2\/tags?post=16442"}],"curies":[{"name":"wp","href":"https:\/\/api.w.org\/{rel}","templated":true}]}}