{"id":16494,"date":"2023-03-27T13:22:20","date_gmt":"2023-03-27T12:22:20","guid":{"rendered":"https:\/\/www.worldpolicyconference.com\/?p=16494"},"modified":"2023-03-27T13:22:20","modified_gmt":"2023-03-27T12:22:20","slug":"risques-de-violence-au-proche-orient","status":"publish","type":"post","link":"https:\/\/www.worldpolicyconference.com\/fr\/risques-de-violence-au-proche-orient\/","title":{"rendered":"Risques de violence au Proche-Orient"},"content":{"rendered":"<p>&nbsp;<\/p>\n<p><a href=\"https:\/\/www.worldpolicyconference.com\/wp-content\/uploads\/2023\/03\/letemps.png\"><img decoding=\"async\" class=\"alignnone size-full wp-image-16496\" src=\"https:\/\/www.worldpolicyconference.com\/wp-content\/uploads\/2023\/03\/letemps.png\" alt=\"\" width=\"211\" height=\"42\" \/><\/a><\/p>\n<p>Publi\u00e9 le 10 janvier 2023 par Fran\u00e7ois Nordmann<\/p>\n<p>CHRONIQUE. La guerre en Ukraine prend toute la lumi\u00e8re, pourtant le Proche-Orient reste une cocotte-minute. Le Conseil de s\u00e9curit\u00e9 de l&rsquo;ONU \u2013 avec la Suisse \u00e0 bord \u2013 s&rsquo;en pr\u00e9occupe mais les signaux ne sont pas bons, analyse notre chroniqueur Fran\u00e7ois Nordmann.<\/p>\n<p>Thierry de Montbrial, pr\u00e9sident de la World Policy Conference r\u00e9cemment r\u00e9unie \u00e0 Abou Dhabi, interroge le prince Faisal bin Farhan Al Saoud, ministre saoudien des Affaires \u00e9trang\u00e8res: \u00abQue pensez-vous des Accords d\u2019Abraham?\u00bb Le ministre: \u00abQuelle est la question? Peu importe d\u2019ailleurs la question, ajoute-t-il. Je vais vous donner la r\u00e9ponse: c\u2019est l\u2019Etat palestinien.\u00bb S\u2019il n\u2019y a pas d\u2019Etat palestinien, il sera difficile \u00e0 l\u2019Arabie saoudite de se joindre aux Emirats arabes unis et autres signataires desdits accords. Peu auparavant, M. Itamar Rabinovich, professeur d\u2019universit\u00e9 et ancien diplomate isra\u00e9lien, avait d\u00e9clar\u00e9 lors d\u2019une table ronde que les Accords d\u2019Abraham n\u2019avaient eu qu\u2019une port\u00e9e limit\u00e9e: ils ont donn\u00e9 lieu \u00e0 des \u00e9changes \u00e9conomiques, mais n\u2019ont pas structur\u00e9 la politique r\u00e9gionale, contrairement \u00e0 ce que pr\u00e9voyaient ses promoteurs il y a deux ans. On pouvait alors consid\u00e9rer la situation avec un certain optimisme. Aujourd\u2019hui, les perspectives sont plus sombres.<\/p>\n<p>La guerre d&rsquo;Ukraine domine la sc\u00e8ne internationale ; la Turquie et l&rsquo;Iran &#8211; partenaires plus ou moins li\u00e9s \u00e0 la Russie &#8211; s&rsquo;impliquent comme jamais dans la politique r\u00e9gionale. Le centre de gravit\u00e9 de la r\u00e9gion s&rsquo;est d\u00e9plac\u00e9 de l&rsquo;Egypte vers les Etats du Golfe. Enfin, la politique isra\u00e9lienne vit des temps troubl\u00e9s. La coalition dont faisait partie pour la premi\u00e8re fois un parti arabe isra\u00e9lien a \u00e9t\u00e9 remplac\u00e9e par un gouvernement comportant l&rsquo;extr\u00eame droite. C&rsquo;est un d\u00e9veloppement n\u00e9gatif pour la soci\u00e9t\u00e9 isra\u00e9lienne et pour les Palestiniens.<\/p>\n<p>L&rsquo;orateur exprime des doutes sur la dur\u00e9e de vie de ce nouveau gouvernement : il implosera sous l&rsquo;effet des exigences des extr\u00e9mistes, ou sera l&rsquo;objet de protestations massives de l&rsquo;opinion publique. Mais l&rsquo;ann\u00e9e qui s&rsquo;ouvre sera difficile. Et il ne faut pas oublier que le premier ministre Netanyahou est poursuivi pour corruption et qu&rsquo;il fera tout pour \u00e9viter la prison.<\/p>\n<p>[&#8230;]<\/p>\n<p>Read the article on <a href=\"https:\/\/www.letemps.ch\/opinions\/risques-violence-procheorient\">Le Temps<\/a>.<\/p>\n","protected":false},"excerpt":{"rendered":"<p>&nbsp; Publi\u00e9 le 10 janvier 2023 par Fran\u00e7ois Nordmann CHRONIQUE. La guerre en Ukraine prend toute la lumi\u00e8re, pourtant le Proche-Orient reste une cocotte-minute. Le Conseil de s\u00e9curit\u00e9 de l&rsquo;ONU<\/p>\n","protected":false},"author":3,"featured_media":0,"comment_status":"closed","ping_status":"closed","sticky":false,"template":"","format":"standard","meta":{"footnotes":""},"categories":[4],"tags":[153],"class_list":["post-16494","post","type-post","status-publish","format-standard","hentry","category-press-review","tag-153"],"_links":{"self":[{"href":"https:\/\/www.worldpolicyconference.com\/fr\/wp-json\/wp\/v2\/posts\/16494","targetHints":{"allow":["GET"]}}],"collection":[{"href":"https:\/\/www.worldpolicyconference.com\/fr\/wp-json\/wp\/v2\/posts"}],"about":[{"href":"https:\/\/www.worldpolicyconference.com\/fr\/wp-json\/wp\/v2\/types\/post"}],"author":[{"embeddable":true,"href":"https:\/\/www.worldpolicyconference.com\/fr\/wp-json\/wp\/v2\/users\/3"}],"replies":[{"embeddable":true,"href":"https:\/\/www.worldpolicyconference.com\/fr\/wp-json\/wp\/v2\/comments?post=16494"}],"version-history":[{"count":0,"href":"https:\/\/www.worldpolicyconference.com\/fr\/wp-json\/wp\/v2\/posts\/16494\/revisions"}],"wp:attachment":[{"href":"https:\/\/www.worldpolicyconference.com\/fr\/wp-json\/wp\/v2\/media?parent=16494"}],"wp:term":[{"taxonomy":"category","embeddable":true,"href":"https:\/\/www.worldpolicyconference.com\/fr\/wp-json\/wp\/v2\/categories?post=16494"},{"taxonomy":"post_tag","embeddable":true,"href":"https:\/\/www.worldpolicyconference.com\/fr\/wp-json\/wp\/v2\/tags?post=16494"}],"curies":[{"name":"wp","href":"https:\/\/api.w.org\/{rel}","templated":true}]}}