{"id":16512,"date":"2023-04-14T10:29:21","date_gmt":"2023-04-14T09:29:21","guid":{"rendered":"https:\/\/www.worldpolicyconference.com\/?p=16512"},"modified":"2023-04-14T10:29:21","modified_gmt":"2023-04-14T09:29:21","slug":"philippe-baptiste-la-crise-des-lanceurs-met-leurope-en-plein-doute","status":"publish","type":"post","link":"https:\/\/www.worldpolicyconference.com\/fr\/philippe-baptiste-la-crise-des-lanceurs-met-leurope-en-plein-doute\/","title":{"rendered":"Philippe Baptiste\u00a0: La crise des lanceurs met l&rsquo;Europe en plein doute"},"content":{"rendered":"<p>Ce vendredi 7 avril, Philippe Baptiste, Pr\u00e9sident du CNES, s&rsquo;est pench\u00e9 sur le nouveau d\u00e9calage pour le lancement d&rsquo;Ariane 6 dans l&rsquo;\u00e9mission Good Morning Business, pr\u00e9sent\u00e9e par Laure Closier et Christophe Jakubyszyn.<br \/>\n<iframe title=\"Philippe Baptiste (CNES) : La crise des lanceurs met l'Europe en plein doute\" src=\"https:\/\/www.youtube.com\/embed\/oCqHuKofe_A\" width=\"1280\" height=\"720\" frameborder=\"0\" allowfullscreen=\"allowfullscreen\"><\/iframe><\/p>\n<p>Retrouvez son intervention sur la cha\u00eene Youtube <a href=\"https:\/\/www.youtube.com\/watch?v=oCqHuKofe_A\">BFM Business<\/a>.<\/p>\n","protected":false},"excerpt":{"rendered":"<p>Ce vendredi 7 avril, Philippe Baptiste, Pr\u00e9sident du CNES, s&rsquo;est pench\u00e9 sur le nouveau d\u00e9calage pour le lancement d&rsquo;Ariane 6 dans l&rsquo;\u00e9mission Good Morning Business, pr\u00e9sent\u00e9e par Laure Closier et<\/p>\n","protected":false},"author":3,"featured_media":16300,"comment_status":"closed","ping_status":"closed","sticky":false,"template":"","format":"standard","meta":{"footnotes":""},"categories":[23],"tags":[154],"class_list":["post-16512","post","type-post","status-publish","format-standard","has-post-thumbnail","hentry","category-news-room","tag-154"],"_links":{"self":[{"href":"https:\/\/www.worldpolicyconference.com\/fr\/wp-json\/wp\/v2\/posts\/16512","targetHints":{"allow":["GET"]}}],"collection":[{"href":"https:\/\/www.worldpolicyconference.com\/fr\/wp-json\/wp\/v2\/posts"}],"about":[{"href":"https:\/\/www.worldpolicyconference.com\/fr\/wp-json\/wp\/v2\/types\/post"}],"author":[{"embeddable":true,"href":"https:\/\/www.worldpolicyconference.com\/fr\/wp-json\/wp\/v2\/users\/3"}],"replies":[{"embeddable":true,"href":"https:\/\/www.worldpolicyconference.com\/fr\/wp-json\/wp\/v2\/comments?post=16512"}],"version-history":[{"count":0,"href":"https:\/\/www.worldpolicyconference.com\/fr\/wp-json\/wp\/v2\/posts\/16512\/revisions"}],"wp:featuredmedia":[{"embeddable":true,"href":"https:\/\/www.worldpolicyconference.com\/fr\/wp-json\/wp\/v2\/media\/16300"}],"wp:attachment":[{"href":"https:\/\/www.worldpolicyconference.com\/fr\/wp-json\/wp\/v2\/media?parent=16512"}],"wp:term":[{"taxonomy":"category","embeddable":true,"href":"https:\/\/www.worldpolicyconference.com\/fr\/wp-json\/wp\/v2\/categories?post=16512"},{"taxonomy":"post_tag","embeddable":true,"href":"https:\/\/www.worldpolicyconference.com\/fr\/wp-json\/wp\/v2\/tags?post=16512"}],"curies":[{"name":"wp","href":"https:\/\/api.w.org\/{rel}","templated":true}]}}