{"id":16521,"date":"2023-05-03T14:32:09","date_gmt":"2023-05-03T13:32:09","guid":{"rendered":"https:\/\/www.worldpolicyconference.com\/?p=16521"},"modified":"2023-05-03T14:32:09","modified_gmt":"2023-05-03T13:32:09","slug":"antoine-flahault-il-est-probable-que-la-diffusion-de-ce-nouveau-variant-soit-tres-sous-estimee","status":"publish","type":"post","link":"https:\/\/www.worldpolicyconference.com\/fr\/antoine-flahault-il-est-probable-que-la-diffusion-de-ce-nouveau-variant-soit-tres-sous-estimee\/","title":{"rendered":"Antoine Flahault\u00a0: \u00ab\u00a0Il est probable que la diffusion de ce nouveau variant soit tr\u00e8s sous-estim\u00e9e.\u00a0\u00bb"},"content":{"rendered":"<h1>CITATION \u2013\u00a0Covid-19 : le variant baptis\u00e9 \u00ab\u00a0Arcturus\u00a0\u00bb d\u00e9tect\u00e9 en France, attention \u00e0 ce nouveau sympt\u00f4me observ\u00e9 chez des enfants<\/h1>\n<p>C&rsquo;est un ennemi silencieux qui fait toujours parler\u00a0de lui. Le\u00a0Covid-19\u00a0n&rsquo;est pas pr\u00e8s de \u00ab\u00a0dispara\u00eetre\u00a0\u00bb. Parole de l&rsquo;Organisation Mondiale de la Sant\u00e9 qui indiquait cette semaine que \u00ab\u00a0plusieurs pays\u00a0constatent un regain et, au cours des quatre derni\u00e8res semaines, 14 000 personnes ont succomb\u00e9 \u00e0 cette maladie\u00a0\u00bb, m\u00eame si le nombre de d\u00e9c\u00e8s caus\u00e9s par le virus a chut\u00e9 de 95% depuis le d\u00e9but de l&rsquo;ann\u00e9e.<\/p>\n<p>Le SARS-CoV-2 se rappelle d\u00e9sormais \u00e0 notre &#8211; mauvais &#8211; souvenir avec l&rsquo;apparition d&rsquo;un nouveau variant. Cette nouvelle souche, d\u00e9tect\u00e9e en premier lieu en Inde descend de la lign\u00e9e d\u00e9sormais connue d&rsquo;Omicron. XBB.1.16 &#8211; aussi baptis\u00e9 \u00ab\u00a0Arcturus\u00a0\u00bb &#8211; a \u00e9t\u00e9 observ\u00e9 pour la premi\u00e8re fois en Inde en janvier dernier. Selon les autorit\u00e9s sanitaires sur place, ce variant est \u00e0 l&rsquo;origine d&rsquo;un rebond viral particuli\u00e8rement important, incitant par ailleurs le pays \u00e0 relancer la production de vaccins. Par ailleurs, le port du masque est de nouveau de rigueur dans les lieux clos&#8230;<\/p>\n<h2 class=\"txt-int\">D\u00e9tect\u00e9 dans une trentaine de pays<\/h2>\n<p>Cette nouvelle souche a \u00e9t\u00e9 d\u00e9tect\u00e9e dans une trentaine de pays du monde entier. Des cas de contaminations ont \u00e9t\u00e9 identifi\u00e9s aux \u00c9tats-Unis, au Japon, en Australie&#8230; et m\u00eame en France, comme l&rsquo;indiquent nos confr\u00e8res de\u00a0<em>TF1<\/em>. Dans l&rsquo;Hexagon,\u00a0dix personnes auraient \u00e9t\u00e9 infect\u00e9es par cette nouvelle souche selon\u00a0la base de donn\u00e9es publique\u00a0Gisaid\u00a0(pour \u00ab\u00a0Global Initiative on Sharing Avian Influenza Data\u00a0\u00bb). \u00ab\u00a0Il est probable que la diffusion de ce nouveau variant soit tr\u00e8s sous-estim\u00e9e, commente pour sa part le Pr. Antoine Flahault,\u00a0\u00e9pid\u00e9miologiste et directeur de l&rsquo;Institut de Sant\u00e9 globale \u00e0 l&rsquo;universit\u00e9 de Gen\u00e8ve.\u00a0L\u2019OMS suit la propagation de ce nouveau variant d\u2019Omicron d\u2019aussi pr\u00e8s que possible, ce qui n\u2019est pas ais\u00e9, tout le monde ayant largement baiss\u00e9 la garde de sa veille sanitaire.\u00a0\u00bb<\/p>\n<p>[&#8230;]<\/p>\n<p>Retrouvez l&rsquo;int\u00e9gralit\u00e9 de l&rsquo;article sur le site de <a href=\"https:\/\/www.ladepeche.fr\/2023\/04\/28\/covid-19-le-nouveau-variant-tres-sous-estime-arcturus-detecte-en-france-des-conjonctivites-observees-chez-des-enfants-11164082.php\">Ladep\u00eache.fr<\/a>.<\/p>\n","protected":false},"excerpt":{"rendered":"<p>CITATION \u2013\u00a0Covid-19 : le variant baptis\u00e9 \u00ab\u00a0Arcturus\u00a0\u00bb d\u00e9tect\u00e9 en France, attention \u00e0 ce nouveau sympt\u00f4me observ\u00e9 chez des enfants C&rsquo;est un ennemi silencieux qui fait toujours parler\u00a0de lui. Le\u00a0Covid-19\u00a0n&rsquo;est pas<\/p>\n","protected":false},"author":3,"featured_media":16287,"comment_status":"closed","ping_status":"closed","sticky":false,"template":"","format":"standard","meta":{"footnotes":""},"categories":[23],"tags":[154],"class_list":["post-16521","post","type-post","status-publish","format-standard","has-post-thumbnail","hentry","category-news-room","tag-154"],"_links":{"self":[{"href":"https:\/\/www.worldpolicyconference.com\/fr\/wp-json\/wp\/v2\/posts\/16521","targetHints":{"allow":["GET"]}}],"collection":[{"href":"https:\/\/www.worldpolicyconference.com\/fr\/wp-json\/wp\/v2\/posts"}],"about":[{"href":"https:\/\/www.worldpolicyconference.com\/fr\/wp-json\/wp\/v2\/types\/post"}],"author":[{"embeddable":true,"href":"https:\/\/www.worldpolicyconference.com\/fr\/wp-json\/wp\/v2\/users\/3"}],"replies":[{"embeddable":true,"href":"https:\/\/www.worldpolicyconference.com\/fr\/wp-json\/wp\/v2\/comments?post=16521"}],"version-history":[{"count":0,"href":"https:\/\/www.worldpolicyconference.com\/fr\/wp-json\/wp\/v2\/posts\/16521\/revisions"}],"wp:featuredmedia":[{"embeddable":true,"href":"https:\/\/www.worldpolicyconference.com\/fr\/wp-json\/wp\/v2\/media\/16287"}],"wp:attachment":[{"href":"https:\/\/www.worldpolicyconference.com\/fr\/wp-json\/wp\/v2\/media?parent=16521"}],"wp:term":[{"taxonomy":"category","embeddable":true,"href":"https:\/\/www.worldpolicyconference.com\/fr\/wp-json\/wp\/v2\/categories?post=16521"},{"taxonomy":"post_tag","embeddable":true,"href":"https:\/\/www.worldpolicyconference.com\/fr\/wp-json\/wp\/v2\/tags?post=16521"}],"curies":[{"name":"wp","href":"https:\/\/api.w.org\/{rel}","templated":true}]}}