{"id":16523,"date":"2023-05-03T14:37:59","date_gmt":"2023-05-03T13:37:59","guid":{"rendered":"https:\/\/www.worldpolicyconference.com\/?p=16523"},"modified":"2023-05-03T14:37:59","modified_gmt":"2023-05-03T13:37:59","slug":"gilles-kepel-la-crise-au-soudan-signe-de-la-fin-du-leadership-americain-dans-la-region","status":"publish","type":"post","link":"https:\/\/www.worldpolicyconference.com\/fr\/gilles-kepel-la-crise-au-soudan-signe-de-la-fin-du-leadership-americain-dans-la-region\/","title":{"rendered":"Gilles Kepel\u00a0: \u00ab\u00a0La crise au Soudan, signe de la fin du leadership am\u00e9ricain dans la r\u00e9gion\u00a0\u00bb"},"content":{"rendered":"<p>TRIBUNE -Le directeur de la chaire Moyen-Orient M\u00e9diterran\u00e9e \u00e0 l&rsquo;\u00c9cole normale sup\u00e9rieure analyse les cons\u00e9quences de la gu\u00e9rilla qui a d\u00e9but\u00e9 le 15 avril. Selon lui, ce conflit met en doute la capacit\u00e9 des Etats-Unis \u00e0 assurer la s\u00e9curit\u00e9 de ses alli\u00e9s au Moyen-Orient.<\/p>\n<p class=\"fig-paragraph\">La gu\u00e9rilla soudanaise, qui fait rage entre deux factions militaires depuis le 14 avril et a tourn\u00e9 au d\u00e9sastre humanitaire d\u00e8s la premi\u00e8re semaine d&rsquo;affrontements, t\u00e9moigne du d\u00e9sordre qui se r\u00e9pand au Moyen-Orient dans\u00a0la foul\u00e9e du conflit ukrainien\u00a0ainsi que de l&rsquo;affaiblissement croissant du leadership am\u00e9ricain. Le Soudan avait galvanis\u00e9 les espoirs des d\u00e9mocrates du monde entier quand son peuple fit tomber en avril 2019 le dictateur Omar al-Bashir, apr\u00e8s un quart de si\u00e8cle de pouvoir durant lequel il fut incrimin\u00e9 par la Cour Internationale de Justice pour crimes de guerre, g\u00e9nocide et crimes contre l&rsquo;humanit\u00e9.<\/p>\n<p class=\"fig-body-link\">[&#8230;]<\/p>\n<p>Retrouvez la tribune compl\u00e8te de Gilles Kepel sur le site de<a href=\"https:\/\/www.lefigaro.fr\/vox\/monde\/gilles-kepel-la-crise-au-soudan-signe-de-la-fin-du-leadership-americain-dans-la-region-20230428\"> FigaroVox<\/a>.<\/p>","protected":false},"excerpt":{"rendered":"<p>TRIBUNE -Le directeur de la chaire Moyen-Orient M\u00e9diterran\u00e9e \u00e0 l&rsquo;\u00c9cole normale sup\u00e9rieure analyse les cons\u00e9quences de la gu\u00e9rilla qui a d\u00e9but\u00e9 le 15 avril. Selon lui, ce conflit met en<\/p>\n","protected":false},"author":3,"featured_media":16350,"comment_status":"closed","ping_status":"closed","sticky":false,"template":"","format":"standard","meta":{"footnotes":""},"categories":[23],"tags":[154],"class_list":["post-16523","post","type-post","status-publish","format-standard","has-post-thumbnail","hentry","category-news-room","tag-154"],"_links":{"self":[{"href":"https:\/\/www.worldpolicyconference.com\/fr\/wp-json\/wp\/v2\/posts\/16523","targetHints":{"allow":["GET"]}}],"collection":[{"href":"https:\/\/www.worldpolicyconference.com\/fr\/wp-json\/wp\/v2\/posts"}],"about":[{"href":"https:\/\/www.worldpolicyconference.com\/fr\/wp-json\/wp\/v2\/types\/post"}],"author":[{"embeddable":true,"href":"https:\/\/www.worldpolicyconference.com\/fr\/wp-json\/wp\/v2\/users\/3"}],"replies":[{"embeddable":true,"href":"https:\/\/www.worldpolicyconference.com\/fr\/wp-json\/wp\/v2\/comments?post=16523"}],"version-history":[{"count":0,"href":"https:\/\/www.worldpolicyconference.com\/fr\/wp-json\/wp\/v2\/posts\/16523\/revisions"}],"wp:featuredmedia":[{"embeddable":true,"href":"https:\/\/www.worldpolicyconference.com\/fr\/wp-json\/wp\/v2\/media\/16350"}],"wp:attachment":[{"href":"https:\/\/www.worldpolicyconference.com\/fr\/wp-json\/wp\/v2\/media?parent=16523"}],"wp:term":[{"taxonomy":"category","embeddable":true,"href":"https:\/\/www.worldpolicyconference.com\/fr\/wp-json\/wp\/v2\/categories?post=16523"},{"taxonomy":"post_tag","embeddable":true,"href":"https:\/\/www.worldpolicyconference.com\/fr\/wp-json\/wp\/v2\/tags?post=16523"}],"curies":[{"name":"wp","href":"https:\/\/api.w.org\/{rel}","templated":true}]}}