{"id":16585,"date":"2023-06-13T13:45:44","date_gmt":"2023-06-13T12:45:44","guid":{"rendered":"https:\/\/www.worldpolicyconference.com\/?p=16585"},"modified":"2023-06-13T13:53:52","modified_gmt":"2023-06-13T12:53:52","slug":"scandale-dans-lue-la-slovaquie-avoue-que-les-stocks-darmes-europeens-sont-epuises-et-quil-faudra-10-ans-pour-les-recharger","status":"publish","type":"post","link":"https:\/\/www.worldpolicyconference.com\/fr\/scandale-dans-lue-la-slovaquie-avoue-que-les-stocks-darmes-europeens-sont-epuises-et-quil-faudra-10-ans-pour-les-recharger\/","title":{"rendered":"Scandale dans l\u2019UE : la Slovaquie avoue que les stocks d\u2019armes europ\u00e9ens sont \u00e9puis\u00e9s et qu\u2019il faudra 10 ans pour les recharger"},"content":{"rendered":"<p>La guerre en Ukraine a-t-elle d\u00e9j\u00e0 \u00e9puis\u00e9 les stock d\u2019armes de l\u2019Union Europ\u00e9enne? C\u2019est du moins ce que laisse entendre Peter Pellegrini, ancien premier ministre de la Slovaquie, cit\u00e9 par l\u2019agence de presse russe\u00a0<a href=\"https:\/\/tass.com\/world\/1630829\"><em>Tass<\/em><\/a>. Pour le chef du gouvernement slovaque, il faudra 5 \u00e0 10 ans pour remplir \u00e0 nouveau le stock d\u2019armes europ\u00e9en.<\/p>\n<p>\u00ab\u00a0Les d\u00e9p\u00f4ts d\u2019armes ont \u00e9t\u00e9 \u00e9puis\u00e9s un peu partout en Europe, toutes les arm\u00e9es devront recharger leurs stocks. C\u2019est un travail de 5 ans 10 ans\u00a0\u00bb, a-t-il d\u00e9clar\u00e9, ajoutant que compte tenu de ce fait, la Slovaquie ne pourra pas fournir davantage d\u2019armes \u00e0 Kiev dans sa contre-offensive contre la Russie.<\/p>\n<p>Pour rappel, Peter Pelligrini n\u2019est h\u00e9las pas la premi\u00e8re personnalit\u00e9 europ\u00e9enne \u00e0 faire cette triste r\u00e9v\u00e9lation sur le stock d\u2019armes europ\u00e9en. En d\u00e9cembre dernier, dans un communiqu\u00e9 publi\u00e9 sur le site officiel de l\u2019Union Europ\u00e9enne, Josep Borrell, chef de la Diplomatie europ\u00e9enne, l\u2019avait d\u00e9j\u00e0 annonc\u00e9.<\/p>\n<p>\u00ab\u00a0La guerre a \u00e9t\u00e9 un signal d\u2019alarme pour nous tous concernant nos capacit\u00e9s militaires. Nous avons livr\u00e9 des armes \u00e0 l\u2019Ukraine, mais ce faisant, nous nous sommes rendu compte que nos stocks militaires ont \u00e9t\u00e9 vid\u00e9s. Avec le retour de la guerre conventionnelle au c\u0153ur de l\u2019Europe, nous nous sommes rendu compte que nous manquons cruellement de capacit\u00e9s de d\u00e9fense pour nous prot\u00e9ger contre des menaces de grande envergure auxquelles nous ferons face sur le continent europ\u00e9en\u00a0\u00bb, avoue-t-il.<\/p>\n<p>Dans la publication lue par\u00a0<em>Lecourrier-du-soir.com<\/em>, le chef de la diplomatie europ\u00e9enne avait r\u00e9it\u00e9r\u00e9 le soutien de l\u2019UE \u00e0 l\u2019Ukraine afin d\u2019aider ce pays \u00e0 faire face \u00e0 l\u2019envahisseur russe. \u00ab Naturellement, le d\u00e9but de notre discussion fut la guerre de la Russie contre l\u2019Ukraine, une attaque frontale contre un pays voisin \u00bb, souligne-t-il.<\/p>\n<p>Et d\u2019ajouter : \u00ab\u00a0j\u2019ai mis l\u2019accent sur l\u2019importance de soutenir l\u2019Ukraine, sur le plan politique, \u00e9conomique et militaire, c\u2019est-\u00e0-dire par des armes et par une formation militaire afin qu\u2019elle puisse repousser les envahisseurs (russes), car c\u2019est qu\u2019ils sont. Et nous devrions continuer \u00e0 le faire aussi longtemps que possible, jusqu\u2019\u00e0 ce que l\u2019Ukraine triomphe\u00a0\u00bb.<\/p>\n<p>Lisez l&rsquo;article sur le site Le Courrier du Soir<\/p>\n<p>https:\/\/lecourrier-du-soir.com\/scandale-dans-lue-la-slovaquie-avoue-que-les-stocks-darmes-europeens-sont-epuises-et-quil-faudra-10-ans-pour-les-recharger\/<\/p>\n","protected":false},"excerpt":{"rendered":"<p>La guerre en Ukraine a-t-elle d\u00e9j\u00e0 \u00e9puis\u00e9 les stock d\u2019armes de l\u2019Union Europ\u00e9enne? C\u2019est du moins ce que laisse entendre Peter Pellegrini, ancien premier ministre de la Slovaquie, cit\u00e9 par<\/p>\n","protected":false},"author":3,"featured_media":16311,"comment_status":"closed","ping_status":"closed","sticky":false,"template":"","format":"standard","meta":{"footnotes":""},"categories":[23],"tags":[154],"class_list":["post-16585","post","type-post","status-publish","format-standard","has-post-thumbnail","hentry","category-news-room","tag-154"],"_links":{"self":[{"href":"https:\/\/www.worldpolicyconference.com\/fr\/wp-json\/wp\/v2\/posts\/16585","targetHints":{"allow":["GET"]}}],"collection":[{"href":"https:\/\/www.worldpolicyconference.com\/fr\/wp-json\/wp\/v2\/posts"}],"about":[{"href":"https:\/\/www.worldpolicyconference.com\/fr\/wp-json\/wp\/v2\/types\/post"}],"author":[{"embeddable":true,"href":"https:\/\/www.worldpolicyconference.com\/fr\/wp-json\/wp\/v2\/users\/3"}],"replies":[{"embeddable":true,"href":"https:\/\/www.worldpolicyconference.com\/fr\/wp-json\/wp\/v2\/comments?post=16585"}],"version-history":[{"count":0,"href":"https:\/\/www.worldpolicyconference.com\/fr\/wp-json\/wp\/v2\/posts\/16585\/revisions"}],"wp:featuredmedia":[{"embeddable":true,"href":"https:\/\/www.worldpolicyconference.com\/fr\/wp-json\/wp\/v2\/media\/16311"}],"wp:attachment":[{"href":"https:\/\/www.worldpolicyconference.com\/fr\/wp-json\/wp\/v2\/media?parent=16585"}],"wp:term":[{"taxonomy":"category","embeddable":true,"href":"https:\/\/www.worldpolicyconference.com\/fr\/wp-json\/wp\/v2\/categories?post=16585"},{"taxonomy":"post_tag","embeddable":true,"href":"https:\/\/www.worldpolicyconference.com\/fr\/wp-json\/wp\/v2\/tags?post=16585"}],"curies":[{"name":"wp","href":"https:\/\/api.w.org\/{rel}","templated":true}]}}