{"id":16636,"date":"2023-06-19T16:40:27","date_gmt":"2023-06-19T15:40:27","guid":{"rendered":"https:\/\/www.worldpolicyconference.com\/?p=16636"},"modified":"2026-04-10T08:06:45","modified_gmt":"2026-04-10T07:06:45","slug":"sebastien-jean","status":"publish","type":"post","link":"https:\/\/www.worldpolicyconference.com\/fr\/sebastien-jean\/","title":{"rendered":"S\u00e9bastien Jean"},"content":{"rendered":"<p><\/p>\n<p style=\"text-align: justify;\"><span style=\"font-weight: 400;\">Directeur associ\u00e9 de l&rsquo;Initiative g\u00e9o\u00e9conomie et g\u00e9ofinance de l&rsquo;Ifri, professeur au Conservatoire national des arts et m\u00e9tiers, titulaire de la chaire Jean-Baptiste Say d\u2019\u00e9conomie industrielle. Il est \u00e9galement membre du Conseil d\u2019analyse \u00e9conomique (CAE) et du Conseil national de la productivit\u00e9 (CNP), associ\u00e9 au GEP (Universit\u00e9 de Nottingham, R-U) et fellow du CESifo Research Network (Munich, Allemagne). Il a pr\u00e9c\u00e9demment \u00e9t\u00e9 directeur du CEPII, le principal centre fran\u00e7ais de recherche et d\u2019expertise en \u00e9conomie internationale (www.cepii.fr), de d\u00e9cembre 2012 \u00e0 d\u00e9cembre 2021, apr\u00e8s avoir occup\u00e9 d\u2019autres fonctions \u00e0 l\u2019INRAE et \u00e0 l\u2019OCDE, et enseign\u00e9 dans diff\u00e9rentes institutions. Ses travaux d\u2019expertise et de recherche concernent l\u2019\u00e9conomie internationale, en particulier dans sa dimension commerciale. Il est ing\u00e9nieur dipl\u00f4m\u00e9 de l\u2019\u00c9cole Centrale de Paris et titulaire d\u2019un doctorat d\u2019\u00e9conomie de l\u2019Universit\u00e9 Paris-1.<\/span><\/p>\n<p><\/p>","protected":false},"excerpt":{"rendered":"<p>Directeur associ\u00e9 de l&rsquo;Initiative g\u00e9o\u00e9conomie et g\u00e9ofinance de l&rsquo;Ifri, professeur au Conservatoire national des arts et m\u00e9tiers, titulaire de la chaire Jean-Baptiste Say d\u2019\u00e9conomie industrielle. Il est \u00e9galement membre du<\/p>\n","protected":false},"author":3,"featured_media":17419,"comment_status":"closed","ping_status":"closed","sticky":false,"template":"","format":"standard","meta":{"footnotes":""},"categories":[8],"tags":[154,155,157],"class_list":["post-16636","post","type-post","status-publish","format-standard","has-post-thumbnail","hentry","category-invited-guests","tag-154","tag-155","tag-157"],"_links":{"self":[{"href":"https:\/\/www.worldpolicyconference.com\/fr\/wp-json\/wp\/v2\/posts\/16636","targetHints":{"allow":["GET"]}}],"collection":[{"href":"https:\/\/www.worldpolicyconference.com\/fr\/wp-json\/wp\/v2\/posts"}],"about":[{"href":"https:\/\/www.worldpolicyconference.com\/fr\/wp-json\/wp\/v2\/types\/post"}],"author":[{"embeddable":true,"href":"https:\/\/www.worldpolicyconference.com\/fr\/wp-json\/wp\/v2\/users\/3"}],"replies":[{"embeddable":true,"href":"https:\/\/www.worldpolicyconference.com\/fr\/wp-json\/wp\/v2\/comments?post=16636"}],"version-history":[{"count":0,"href":"https:\/\/www.worldpolicyconference.com\/fr\/wp-json\/wp\/v2\/posts\/16636\/revisions"}],"wp:featuredmedia":[{"embeddable":true,"href":"https:\/\/www.worldpolicyconference.com\/fr\/wp-json\/wp\/v2\/media\/17419"}],"wp:attachment":[{"href":"https:\/\/www.worldpolicyconference.com\/fr\/wp-json\/wp\/v2\/media?parent=16636"}],"wp:term":[{"taxonomy":"category","embeddable":true,"href":"https:\/\/www.worldpolicyconference.com\/fr\/wp-json\/wp\/v2\/categories?post=16636"},{"taxonomy":"post_tag","embeddable":true,"href":"https:\/\/www.worldpolicyconference.com\/fr\/wp-json\/wp\/v2\/tags?post=16636"}],"curies":[{"name":"wp","href":"https:\/\/api.w.org\/{rel}","templated":true}]}}