{"id":16683,"date":"2023-07-03T14:47:03","date_gmt":"2023-07-03T13:47:03","guid":{"rendered":"https:\/\/www.worldpolicyconference.com\/?p=16683"},"modified":"2023-07-03T14:47:03","modified_gmt":"2023-07-03T13:47:03","slug":"de-conference-en-sommet-un-dialogue-nord-sud-qui-fait-du-surplace","status":"publish","type":"post","link":"https:\/\/www.worldpolicyconference.com\/fr\/de-conference-en-sommet-un-dialogue-nord-sud-qui-fait-du-surplace\/","title":{"rendered":"De conf\u00e9rence en sommet, un dialogue Nord-Sud qui fait du surplace"},"content":{"rendered":"<p>CHRONIQUE \u2013\u00a0Le sommet qui s&rsquo;est tenu \u00e0 Paris la semaine derni\u00e8re sur une nouvelle coop\u00e9ration financi\u00e8re entre les pays du Nord et du Sud n&rsquo;a pas suscit\u00e9 de grands \u00e9lans. Une situation qui semble se r\u00e9p\u00e9ter dans l&rsquo;histoire, note Philippe Chalmin.<\/p>\n<p>&nbsp;<\/p>\n<p class=\"sc-14kwckt-6 gNQWaV\">L&rsquo;organisation \u00e0 Paris \u00e0 l&rsquo;initiative d&rsquo;Emmanuel Macron d&rsquo;un\u00a0Sommet pour un nouveau pacte financier mondial\u00a0n&rsquo;a suscit\u00e9, au mieux \u00e0 l&rsquo;international, qu&rsquo;un int\u00e9r\u00eat poli, et ses conclusions semblent avoir \u00e9t\u00e9 bien maigres \u00e0 l&rsquo;aune pourtant de l&rsquo;importance du sujet en pleine p\u00e9riode de crises tant g\u00e9opolitiques que climatiques. Quelques pays, \u00e0 l&rsquo;image de la Zambie, verront au moins leur sort &#8211; et leur endettement &#8211; s&rsquo;am\u00e9liorer. Mais nombre de sceptiques auront vu l\u00e0 une initiative bien dans la tradition fran\u00e7aise d&rsquo;\u00e9quilibre entre les grands blocs \u00e9conomiques.<\/p>\n<p class=\"sc-14kwckt-6 gNQWaV\">Il y a un demi-si\u00e8cle qu&rsquo;un autre jeune pr\u00e9sident fran\u00e7ais, Val\u00e9ry Giscard d&rsquo;Estaing, au lendemain du premier choc p\u00e9trolier et de l&rsquo;implosion du syst\u00e8me mon\u00e9taire de Bretton Woods, avait eu l&rsquo;id\u00e9e, en octobre\u00a01974, de\u00a0lancer un dialogue Nord-Sud.\u00a0L&rsquo;id\u00e9e mit une bonne ann\u00e9e \u00e0 se concr\u00e9tiser et c&rsquo;est en d\u00e9cembre\u00a01975 que s&rsquo;ouvrit \u00e0 Paris, avenue Kl\u00e9ber (le b\u00e2timent est aujourd&rsquo;hui un grand h\u00f4tel), la Conf\u00e9rence pour la coop\u00e9ration \u00e9conomique internationale (CCEI).<\/p>\n<h3 class=\"sc-14kwckt-2 iYpSVF sc-14kwckt-6 sc-e6tq38-0 sc-1ljfev-0 gNQWaV folWNd fPxsOc\">Le rapport du Club de Rome<\/h3>\n<p class=\"sc-14kwckt-6 gNQWaV\">Le premier choc p\u00e9trolier, mais aussi la flamb\u00e9e des prix de nombre de mati\u00e8res premi\u00e8res, des c\u00e9r\u00e9ales (avec des achats\u2026 sovi\u00e9tiques) aux phosphates, du caf\u00e9 au cuivre, avaient en effet modifi\u00e9 les grands \u00e9quilibres qui avaient pr\u00e9sid\u00e9 aux Trente Glorieuses. Publi\u00e9 en\u00a01972, le rapport du Club de Rome \u00ab\u00a0Halte \u00e0 la croissance\u00a0\u00bb anticipait alors l&rsquo;\u00e9puisement des ressources naturelles pour la fin du si\u00e8cle. D\u00e9tenteurs d&rsquo;\u00e9nergie et de mati\u00e8res premi\u00e8res, les pays de ce que l&rsquo;on appelait le \u00ab\u00a0Sud\u00a0\u00bb militaient pour un \u00ab\u00a0nouvel ordre \u00e9conomique international\u00a0\u00bb (NOEI), une position que partageaient certains pays industrialis\u00e9s m\u00eame si les Etats-Unis, \u00e0 l&rsquo;image de leur secr\u00e9taire d&rsquo;Etat, Henry Kissinger, ne cachaient pas leur manque d&rsquo;enthousiasme.<\/p>\n<p>La conf\u00e9rence se tint \u00e0 Paris pendant dix-huit mois, alternant r\u00e9unions pl\u00e9ni\u00e8res et groupe d&rsquo;experts. Elle r\u00e9unit 27 pays, 19 du tiers-monde et 8 pays industrialis\u00e9s. La copr\u00e9sidence en \u00e9tait assur\u00e9e par un Canadien et surtout par un ministre v\u00e9n\u00e9zu\u00e9lien, Perez Guerrero\u00a0: le Venezuela \u00e9tait alors un des plus importants exportateurs de p\u00e9trole et un membre cl\u00e9 de l&rsquo;Opep (les temps ont chang\u00e9\u2026).<\/p>\n<p>[&#8230;]<\/p>\n<p>Retrouvez l&rsquo;article complet \u00e9crit par Philippe Chalmin sur le site des <a href=\"https:\/\/www.lesechos.fr\/idees-debats\/editos-analyses\/de-conference-en-sommet-un-dialogue-nord-sud-qui-fait-du-surplace-1957469\">Echos<\/a>.<\/p>\n","protected":false},"excerpt":{"rendered":"<p>CHRONIQUE \u2013\u00a0Le sommet qui s&rsquo;est tenu \u00e0 Paris la semaine derni\u00e8re sur une nouvelle coop\u00e9ration financi\u00e8re entre les pays du Nord et du Sud n&rsquo;a pas suscit\u00e9 de grands \u00e9lans.<\/p>\n","protected":false},"author":3,"featured_media":16306,"comment_status":"closed","ping_status":"closed","sticky":false,"template":"","format":"standard","meta":{"footnotes":""},"categories":[23],"tags":[154],"class_list":["post-16683","post","type-post","status-publish","format-standard","has-post-thumbnail","hentry","category-news-room","tag-154"],"_links":{"self":[{"href":"https:\/\/www.worldpolicyconference.com\/fr\/wp-json\/wp\/v2\/posts\/16683","targetHints":{"allow":["GET"]}}],"collection":[{"href":"https:\/\/www.worldpolicyconference.com\/fr\/wp-json\/wp\/v2\/posts"}],"about":[{"href":"https:\/\/www.worldpolicyconference.com\/fr\/wp-json\/wp\/v2\/types\/post"}],"author":[{"embeddable":true,"href":"https:\/\/www.worldpolicyconference.com\/fr\/wp-json\/wp\/v2\/users\/3"}],"replies":[{"embeddable":true,"href":"https:\/\/www.worldpolicyconference.com\/fr\/wp-json\/wp\/v2\/comments?post=16683"}],"version-history":[{"count":0,"href":"https:\/\/www.worldpolicyconference.com\/fr\/wp-json\/wp\/v2\/posts\/16683\/revisions"}],"wp:featuredmedia":[{"embeddable":true,"href":"https:\/\/www.worldpolicyconference.com\/fr\/wp-json\/wp\/v2\/media\/16306"}],"wp:attachment":[{"href":"https:\/\/www.worldpolicyconference.com\/fr\/wp-json\/wp\/v2\/media?parent=16683"}],"wp:term":[{"taxonomy":"category","embeddable":true,"href":"https:\/\/www.worldpolicyconference.com\/fr\/wp-json\/wp\/v2\/categories?post=16683"},{"taxonomy":"post_tag","embeddable":true,"href":"https:\/\/www.worldpolicyconference.com\/fr\/wp-json\/wp\/v2\/tags?post=16683"}],"curies":[{"name":"wp","href":"https:\/\/api.w.org\/{rel}","templated":true}]}}