{"id":16738,"date":"2023-07-24T10:40:23","date_gmt":"2023-07-24T09:40:23","guid":{"rendered":"https:\/\/www.worldpolicyconference.com\/?p=16738"},"modified":"2023-07-24T10:40:23","modified_gmt":"2023-07-24T09:40:23","slug":"philippe-chalmin-les-marches-avaient-anticipe-la-fin-de-cet-accord","status":"publish","type":"post","link":"https:\/\/www.worldpolicyconference.com\/fr\/philippe-chalmin-les-marches-avaient-anticipe-la-fin-de-cet-accord\/","title":{"rendered":"Philippe Chalmin\u00a0: \u00ab\u00a0Les march\u00e9s avaient anticip\u00e9 la fin de cet accord\u00a0\u00bb"},"content":{"rendered":"<h3>ENTRETIEN \u2013 Alors que Moscou a mis fin \u00e0 l&rsquo;accord c\u00e9r\u00e9alier avec Kiev ce lundi, l&rsquo;impact \u00ab\u00a0risque d&rsquo;\u00eatre plus important sur le march\u00e9 du ma\u00efs\u00a0\u00bb, que sur celui du bl\u00e9, estime ce jeudi Philippe Chalmin, sp\u00e9cialiste des mati\u00e8res premi\u00e8res.<\/h3>\n<p><em>\u00ab\u00a0Les prix augmentent un peu\u00a0\u00bb<\/em>\u00a0mais\u00a0<em>\u00ab\u00a0les march\u00e9s avaient anticip\u00e9 la fin\u00a0\u00bb<\/em>\u00a0de l&rsquo;accord quadripartite qui garantit depuis un an l&rsquo;exportation s\u00e9curis\u00e9e des\u00a0c\u00e9r\u00e9ales ukrainiennes\u00a0via la mer Noire, que la Russie n&rsquo;a pas voulu prolonger lundi 17\u00a0juillet, analyse Philippe Chalmin jeudi 20\u00a0juillet sur franceinfo. Ce professeur d\u2019histoire \u00e9conomique \u00e0 l\u2019universit\u00e9 Paris-Dauphine, sp\u00e9cialiste des mati\u00e8res premi\u00e8res et de l\u2019\u00e9nergie, affirme que le probl\u00e8me du ma\u00efs en Ukraine est bien plus inqui\u00e9tant pour les pays occidentaux que celui du bl\u00e9.<\/p>\n<p><strong>franceinfo\u00a0: Les prix augmentent d\u00e9j\u00e0 sur les march\u00e9s europ\u00e9ens\u202f?<\/strong><\/p>\n<p><strong>Philippe Chalmin\u00a0:<\/strong>\u00a0Oui, un peu, mais il faut se rendre compte qu&rsquo;ils avaient fortement baiss\u00e9 depuis un an. L&rsquo;ann\u00e9e derni\u00e8re, la tonne sur le march\u00e9 europ\u00e9en \u00e9tait grimp\u00e9e jusqu&rsquo;\u00e0 430\u00a0euros. Nous \u00e9tions descendus \u00e0 220\u00a0euros ces derni\u00e8res semaines. Hier, les march\u00e9s ont cl\u00f4tur\u00e9 aux alentours de 250\u00a0euros. On reste deux fois moins qu&rsquo;au pic pour deux raisons. La premi\u00e8re, c&rsquo;est que la campagne 2022-2023 a \u00e9t\u00e9 excellente dans le reste du monde, que ce soit en Russie, en Australie, au Br\u00e9sil&#8230; donc les march\u00e9s ont \u00e9t\u00e9 plut\u00f4t bien approvisionn\u00e9s. D&rsquo;autre part, l&rsquo;Ukraine, malgr\u00e9 la guerre, a quand m\u00eame maintenu plus d&rsquo;exportations non seulement par le corridor c\u00e9r\u00e9alier, mais au travers de l&rsquo;Europe et au travers aussi de la petite langue de terre qui, passant sous la Moldavie, permet \u00e0 l&rsquo;Ukraine d&rsquo;avoir un acc\u00e8s sur le Danube.<\/p>\n<p><strong>Le bl\u00e9 russe n&rsquo;est pas soumis aux sanctions\u202f?<\/strong><\/p>\n<p>Les produits alimentaires ne sont pas soumis\u00a0aux sanctions. Par contre, les Russes se plaignent des difficult\u00e9s qu&rsquo;on leur met un peu, au niveau du financement de ces exportations, puisque les banques russes sont exclues du syst\u00e8me international de paiement SWIFT. Malgr\u00e9 tout, il y a les banques chinoises ou indiennes qui sont moins regardantes. Et l&rsquo;ann\u00e9e derni\u00e8re, l\u00e0 o\u00f9 l&rsquo;Ukraine a export\u00e9 15 \u00e0 16\u00a0millions de tonnes de bl\u00e9, la Russie en a export\u00e9 42. Pour vous donner un ordre de grandeur, les exportations mondiales de bl\u00e9, c&rsquo;est un peu moins de 200\u00a0millions de tonnes.<\/p>\n<p>[&#8230;]<\/p>\n<p>Retrouvez l&rsquo;int\u00e9gralit\u00e9 de l&rsquo;entretien avec Philippe Chalmin sur le site de <a href=\"https:\/\/www.francetvinfo.fr\/monde\/europe\/manifestations-en-ukraine\/accord-cerealier-en-mer-noire-les-marches-avaient-anticipe-la-fin-de-cet-accord-analyse-un-specialiste-des-matieres-premieres-et-de-l-energie_5961023.html\">Franceinfo<\/a>.<\/p>\n","protected":false},"excerpt":{"rendered":"<p>ENTRETIEN \u2013 Alors que Moscou a mis fin \u00e0 l&rsquo;accord c\u00e9r\u00e9alier avec Kiev ce lundi, l&rsquo;impact \u00ab\u00a0risque d&rsquo;\u00eatre plus important sur le march\u00e9 du ma\u00efs\u00a0\u00bb, que sur celui du bl\u00e9,<\/p>\n","protected":false},"author":3,"featured_media":16306,"comment_status":"closed","ping_status":"closed","sticky":false,"template":"","format":"standard","meta":{"footnotes":""},"categories":[23],"tags":[154],"class_list":["post-16738","post","type-post","status-publish","format-standard","has-post-thumbnail","hentry","category-news-room","tag-154"],"_links":{"self":[{"href":"https:\/\/www.worldpolicyconference.com\/fr\/wp-json\/wp\/v2\/posts\/16738","targetHints":{"allow":["GET"]}}],"collection":[{"href":"https:\/\/www.worldpolicyconference.com\/fr\/wp-json\/wp\/v2\/posts"}],"about":[{"href":"https:\/\/www.worldpolicyconference.com\/fr\/wp-json\/wp\/v2\/types\/post"}],"author":[{"embeddable":true,"href":"https:\/\/www.worldpolicyconference.com\/fr\/wp-json\/wp\/v2\/users\/3"}],"replies":[{"embeddable":true,"href":"https:\/\/www.worldpolicyconference.com\/fr\/wp-json\/wp\/v2\/comments?post=16738"}],"version-history":[{"count":0,"href":"https:\/\/www.worldpolicyconference.com\/fr\/wp-json\/wp\/v2\/posts\/16738\/revisions"}],"wp:featuredmedia":[{"embeddable":true,"href":"https:\/\/www.worldpolicyconference.com\/fr\/wp-json\/wp\/v2\/media\/16306"}],"wp:attachment":[{"href":"https:\/\/www.worldpolicyconference.com\/fr\/wp-json\/wp\/v2\/media?parent=16738"}],"wp:term":[{"taxonomy":"category","embeddable":true,"href":"https:\/\/www.worldpolicyconference.com\/fr\/wp-json\/wp\/v2\/categories?post=16738"},{"taxonomy":"post_tag","embeddable":true,"href":"https:\/\/www.worldpolicyconference.com\/fr\/wp-json\/wp\/v2\/tags?post=16738"}],"curies":[{"name":"wp","href":"https:\/\/api.w.org\/{rel}","templated":true}]}}